{"id":12579,"date":"2024-11-22T22:54:59","date_gmt":"2024-11-22T22:54:59","guid":{"rendered":"https:\/\/ladepeche.mr\/?p=12579"},"modified":"2024-11-22T22:55:30","modified_gmt":"2024-11-22T22:55:30","slug":"amelioration-du-climat-des-affaires-et-de-promotion-des-investissements-le-pm-exhorte-a-la-mise-en-place-dune-feuille-de-route","status":"publish","type":"post","link":"https:\/\/ladepeche.mr\/?p=12579","title":{"rendered":"Am\u00e9lioration du climat des affaires et promotion des investissements : Le PM exhorte \u00e0 la mise en place d&#8217;une feuille de route"},"content":{"rendered":"<article id=\"post-259401\" class=\"post-259401 post type-post status-publish format-standard has-post-thumbnail category-fil-dactualite category-25 category-slider-afficher category-slider-general single-post-content has-thumbnail\">\n<div class=\"entry-content clearfix single-post-content\">\n<div class=\"row\">\n<div class=\"cell auto-size\">\n<div class=\"set-border bd-gray padding10 margin10 no-margin-right no-margin-left \" dir=\"ltr\">\n<p>Dans le cadre du suivi de l\u2019am\u00e9lioration du climat des affaires et de la promotion des investissements dans notre pays, le Premier ministre, M. Mokhtar Ould Diay, a pr\u00e9sid\u00e9, vendredi, au Premier minist\u00e8re, la r\u00e9union ordinaire du comit\u00e9 minist\u00e9riel charg\u00e9 de l\u2019am\u00e9lioration du climat des affaires et des investissements dans notre pays.<\/p>\n<p>Au cours de cette r\u00e9union, une pr\u00e9sentation a \u00e9t\u00e9 faite sur le processus de concertation public-priv\u00e9, ainsi que sur le plan d\u2019action int\u00e9gr\u00e9 pour l\u2019am\u00e9lioration du climat des affaires et la promotion de l\u2019investissement dans notre pays.<\/p>\n<p>Enfin, le Premier ministre a charg\u00e9 le comit\u00e9 technique du comit\u00e9 minist\u00e9riel de pr\u00e9parer un document de feuille de route d\u00e9crivant les \u00e9tapes qui devraient \u00eatre incluses dans le processus de partenariat public-priv\u00e9 et le climat d\u2019investissement en g\u00e9n\u00e9ral.<\/p>\n<\/div>\n<\/div>\n<\/div>\n<div class=\"heateorSssClear\"><\/div>\n<div class=\"heateor_sss_sharing_container heateor_sss_horizontal_sharing\" data-heateor-sss-href=\"https:\/\/ami.mr\/fr\/archives\/259401\">\n<div class=\"heateor_sss_sharing_title\"><\/div>\n<div class=\"heateor_sss_sharing_ul\"><\/div>\n<div class=\"heateorSssClear\"><\/div>\n<\/div>\n<div class=\"heateorSssClear\"><\/div>\n<\/div>\n<\/article>\n<section class=\"next-prev-post clearfix\">\n<div class=\"prev-post\">\n<p class=\"pre-title heading-typo\">\n<\/div>\n<\/section>\n","protected":false},"excerpt":{"rendered":"<p>Dans le cadre du suivi de l\u2019am\u00e9lioration du climat des affaires et de la promotion des investissements dans notre pays, le Premier ministre, M. Mokhtar Ould Diay, a pr\u00e9sid\u00e9, vendredi, au Premier minist\u00e8re, la r\u00e9union ordinaire du comit\u00e9 minist\u00e9riel charg\u00e9 de l\u2019am\u00e9lioration du climat des affaires et des investissements dans notre pays. Au cours de &hellip;<\/p>\n","protected":false},"author":2,"featured_media":12580,"comment_status":"open","ping_status":"open","sticky":false,"template":"","format":"standard","meta":{"footnotes":""},"categories":[18,2,29,28,27],"tags":[],"class_list":["post-12579","post","type-post","status-publish","format-standard","has-post-thumbnail","hentry","category-actualites","category-economie","category-monde","category-sahel","category-sante"],"_links":{"self":[{"href":"https:\/\/ladepeche.mr\/index.php?rest_route=\/wp\/v2\/posts\/12579","targetHints":{"allow":["GET"]}}],"collection":[{"href":"https:\/\/ladepeche.mr\/index.php?rest_route=\/wp\/v2\/posts"}],"about":[{"href":"https:\/\/ladepeche.mr\/index.php?rest_route=\/wp\/v2\/types\/post"}],"author":[{"embeddable":true,"href":"https:\/\/ladepeche.mr\/index.php?rest_route=\/wp\/v2\/users\/2"}],"replies":[{"embeddable":true,"href":"https:\/\/ladepeche.mr\/index.php?rest_route=%2Fwp%2Fv2%2Fcomments&post=12579"}],"version-history":[{"count":2,"href":"https:\/\/ladepeche.mr\/index.php?rest_route=\/wp\/v2\/posts\/12579\/revisions"}],"predecessor-version":[{"id":12582,"href":"https:\/\/ladepeche.mr\/index.php?rest_route=\/wp\/v2\/posts\/12579\/revisions\/12582"}],"wp:featuredmedia":[{"embeddable":true,"href":"https:\/\/ladepeche.mr\/index.php?rest_route=\/wp\/v2\/media\/12580"}],"wp:attachment":[{"href":"https:\/\/ladepeche.mr\/index.php?rest_route=%2Fwp%2Fv2%2Fmedia&parent=12579"}],"wp:term":[{"taxonomy":"category","embeddable":true,"href":"https:\/\/ladepeche.mr\/index.php?rest_route=%2Fwp%2Fv2%2Fcategories&post=12579"},{"taxonomy":"post_tag","embeddable":true,"href":"https:\/\/ladepeche.mr\/index.php?rest_route=%2Fwp%2Fv2%2Ftags&post=12579"}],"curies":[{"name":"wp","href":"https:\/\/api.w.org\/{rel}","templated":true}]}}