{"id":12583,"date":"2024-11-22T23:02:41","date_gmt":"2024-11-22T23:02:41","guid":{"rendered":"https:\/\/ladepeche.mr\/?p=12583"},"modified":"2024-11-22T23:02:41","modified_gmt":"2024-11-22T23:02:41","slug":"vice-presidence-de-la-cua-le-ministre-des-affaires-etrangeres-recoit-le-candidat-du-maroc-a-ce-poste","status":"publish","type":"post","link":"https:\/\/ladepeche.mr\/?p=12583","title":{"rendered":"Vice-pr\u00e9sidence de la CUA : Le ministre des Affaires \u00e9trang\u00e8res re\u00e7oit le candidat du Maroc \u00e0 ce poste"},"content":{"rendered":"<p style=\"margin: 0cm 0cm 12.75pt 0cm;\"><span style=\"font-family: 'Louguiya Bold',serif; color: black;\">Le ministre des Affaires \u00e9trang\u00e8res, de la Coop\u00e9ration africaine et des Mauritaniens de l\u2019Ext\u00e9rieur, M. Mohamed Salem Ould Merzoug, a re\u00e7u, vendredi, \u00e0 Nouakchott, le candidat du Royaume du Maroc au poste de vice-pr\u00e9sident de la Commission de l\u2019Union africaine, dont l\u2019\u00e9lection aura lieu en f\u00e9vrier prochain.<\/span><\/p>\n<p style=\"margin: 0cm; margin-bottom: .0001pt; box-sizing: border-box;\"><span style=\"font-family: 'Louguiya Bold',serif; color: black;\">L\u2019entretien s\u2019est d\u00e9roul\u00e9 en pr\u00e9sence de M. Massar Sissoko, ambassadeur, M. Massar Abdoulaye Sissoko, directeur g\u00e9n\u00e9ral des services d\u2019appui et d\u2019affectations, secr\u00e9taire g\u00e9n\u00e9ral du Minist\u00e8re par int\u00e9rim, de M. Hasni Ould Fghih, Ambassadeur, charg\u00e9 de missions, et de M. Diakit\u00e9 Moustapha, Ambassadeur, Directeur de l\u2019Union Africaine \u00e0 la Direction G\u00e9n\u00e9rale de la Coop\u00e9ration Multilat\u00e9rale du Minist\u00e8re. <\/span><\/p>\n<p style=\"margin: 0cm; margin-bottom: .0001pt; box-sizing: border-box;\"><span style=\"font-family: 'Louguiya Bold',serif; color: black;\">Ami <\/span><\/p>\n<p style=\"margin: 0cm; margin-bottom: .0001pt; box-sizing: border-box;\"><span style=\"font-family: 'Louguiya Bold',serif; color: black;\">Titre LDM<\/span><\/p>\n<section class=\"next-prev-post clearfix\"><\/section>\n","protected":false},"excerpt":{"rendered":"<p>Le ministre des Affaires \u00e9trang\u00e8res, de la Coop\u00e9ration africaine et des Mauritaniens de l\u2019Ext\u00e9rieur, M. Mohamed Salem Ould Merzoug, a re\u00e7u, vendredi, \u00e0 Nouakchott, le candidat du Royaume du Maroc au poste de vice-pr\u00e9sident de la Commission de l\u2019Union africaine, dont l\u2019\u00e9lection aura lieu en f\u00e9vrier prochain. L\u2019entretien s\u2019est d\u00e9roul\u00e9 en pr\u00e9sence de M. Massar &hellip;<\/p>\n","protected":false},"author":2,"featured_media":12584,"comment_status":"open","ping_status":"open","sticky":false,"template":"","format":"standard","meta":{"footnotes":""},"categories":[18,29],"tags":[],"class_list":["post-12583","post","type-post","status-publish","format-standard","has-post-thumbnail","hentry","category-actualites","category-monde"],"_links":{"self":[{"href":"https:\/\/ladepeche.mr\/index.php?rest_route=\/wp\/v2\/posts\/12583","targetHints":{"allow":["GET"]}}],"collection":[{"href":"https:\/\/ladepeche.mr\/index.php?rest_route=\/wp\/v2\/posts"}],"about":[{"href":"https:\/\/ladepeche.mr\/index.php?rest_route=\/wp\/v2\/types\/post"}],"author":[{"embeddable":true,"href":"https:\/\/ladepeche.mr\/index.php?rest_route=\/wp\/v2\/users\/2"}],"replies":[{"embeddable":true,"href":"https:\/\/ladepeche.mr\/index.php?rest_route=%2Fwp%2Fv2%2Fcomments&post=12583"}],"version-history":[{"count":1,"href":"https:\/\/ladepeche.mr\/index.php?rest_route=\/wp\/v2\/posts\/12583\/revisions"}],"predecessor-version":[{"id":12585,"href":"https:\/\/ladepeche.mr\/index.php?rest_route=\/wp\/v2\/posts\/12583\/revisions\/12585"}],"wp:featuredmedia":[{"embeddable":true,"href":"https:\/\/ladepeche.mr\/index.php?rest_route=\/wp\/v2\/media\/12584"}],"wp:attachment":[{"href":"https:\/\/ladepeche.mr\/index.php?rest_route=%2Fwp%2Fv2%2Fmedia&parent=12583"}],"wp:term":[{"taxonomy":"category","embeddable":true,"href":"https:\/\/ladepeche.mr\/index.php?rest_route=%2Fwp%2Fv2%2Fcategories&post=12583"},{"taxonomy":"post_tag","embeddable":true,"href":"https:\/\/ladepeche.mr\/index.php?rest_route=%2Fwp%2Fv2%2Ftags&post=12583"}],"curies":[{"name":"wp","href":"https:\/\/api.w.org\/{rel}","templated":true}]}}