{"id":12586,"date":"2024-11-22T23:32:59","date_gmt":"2024-11-22T23:32:59","guid":{"rendered":"https:\/\/ladepeche.mr\/?p=12586"},"modified":"2024-11-22T23:32:59","modified_gmt":"2024-11-22T23:32:59","slug":"mourabitounes-aucune-decision-prise-par-la-ffrim-sur-le-remplacant-damir-abdou-au-poste-dentraineur","status":"publish","type":"post","link":"https:\/\/ladepeche.mr\/?p=12586","title":{"rendered":"Mourabitounes : aucune d\u00e9cision prise par la FFRIM sur le rempla\u00e7ant d\u2019Amir Abdou au poste d&#8217;entra\u00eeneur"},"content":{"rendered":"<p>La FFRIM n&#8217;a pas pris une d\u00e9cision quant au successeur d\u2019Amir Abdou poste d\u00e9sormais vacant d&#8217;entra\u00eeneur des Mourabitounes, \u00e0 l\u2019issue de sa r\u00e9union, en session extraordinaire, ce vendredi 22 novembre 2024.<\/p>\n<p>Depuis quelques temps, le nom d\u2019Aliou Ciss\u00e9, qui a gagn\u00e9 une CAN, avec le S\u00e9n\u00e9gal, circule\u2026.<\/p>\n<p>Dans son communiqu\u00e9, le Conseil de la FFRIM a adress\u00e9 ses sinc\u00e8res remerciements et sa grande appr\u00e9ciation \u00e0 l\u2019endroit de M. Amir Abdou pour les services remarquables qu\u2019il a rendus \u00e0 la Nation tout au long de sa direction technique, marqu\u00e9e par des succ\u00e8s notables.<\/p>\n<p>Parmi ces succ\u00e8s, la FFRIM a cit\u00e9 la qualification des Mourabitounes en huiti\u00e8mes de finale de la Coupe d\u2019Afrique des Nations \u201cC\u00f4te d\u2019Ivoire 2023\u201d et celle des locaux en quart de finale du Championnat d\u2019Afrique des Nations \u201cAlg\u00e9rie 2022\u201d.<\/p>\n<p>\u00ab Le Conseil souhaite \u00e0 Amir Abdou tout le succ\u00e8s dans sa carri\u00e8re future \u00bb, lit-on dans le communiqu\u00e9.<\/p>\n<p>Le Conseil de la F\u00e9d\u00e9ration a nomm\u00e9 M. Aritz L\u00f3pez Garai entra\u00eeneur de l\u2019\u00e9quipe nationale locale.<\/p>\n<p>CRIDEM<\/p>\n","protected":false},"excerpt":{"rendered":"<p>La FFRIM n&#8217;a pas pris une d\u00e9cision quant au successeur d\u2019Amir Abdou poste d\u00e9sormais vacant d&#8217;entra\u00eeneur des Mourabitounes, \u00e0 l\u2019issue de sa r\u00e9union, en session extraordinaire, ce vendredi 22 novembre 2024. Depuis quelques temps, le nom d\u2019Aliou Ciss\u00e9, qui a gagn\u00e9 une CAN, avec le S\u00e9n\u00e9gal, circule\u2026. Dans son communiqu\u00e9, le Conseil de la FFRIM &hellip;<\/p>\n","protected":false},"author":2,"featured_media":12587,"comment_status":"open","ping_status":"open","sticky":false,"template":"","format":"standard","meta":{"footnotes":""},"categories":[18,17],"tags":[],"class_list":["post-12586","post","type-post","status-publish","format-standard","has-post-thumbnail","hentry","category-actualites","category-sports"],"_links":{"self":[{"href":"https:\/\/ladepeche.mr\/index.php?rest_route=\/wp\/v2\/posts\/12586","targetHints":{"allow":["GET"]}}],"collection":[{"href":"https:\/\/ladepeche.mr\/index.php?rest_route=\/wp\/v2\/posts"}],"about":[{"href":"https:\/\/ladepeche.mr\/index.php?rest_route=\/wp\/v2\/types\/post"}],"author":[{"embeddable":true,"href":"https:\/\/ladepeche.mr\/index.php?rest_route=\/wp\/v2\/users\/2"}],"replies":[{"embeddable":true,"href":"https:\/\/ladepeche.mr\/index.php?rest_route=%2Fwp%2Fv2%2Fcomments&post=12586"}],"version-history":[{"count":1,"href":"https:\/\/ladepeche.mr\/index.php?rest_route=\/wp\/v2\/posts\/12586\/revisions"}],"predecessor-version":[{"id":12588,"href":"https:\/\/ladepeche.mr\/index.php?rest_route=\/wp\/v2\/posts\/12586\/revisions\/12588"}],"wp:featuredmedia":[{"embeddable":true,"href":"https:\/\/ladepeche.mr\/index.php?rest_route=\/wp\/v2\/media\/12587"}],"wp:attachment":[{"href":"https:\/\/ladepeche.mr\/index.php?rest_route=%2Fwp%2Fv2%2Fmedia&parent=12586"}],"wp:term":[{"taxonomy":"category","embeddable":true,"href":"https:\/\/ladepeche.mr\/index.php?rest_route=%2Fwp%2Fv2%2Fcategories&post=12586"},{"taxonomy":"post_tag","embeddable":true,"href":"https:\/\/ladepeche.mr\/index.php?rest_route=%2Fwp%2Fv2%2Ftags&post=12586"}],"curies":[{"name":"wp","href":"https:\/\/api.w.org\/{rel}","templated":true}]}}