{"id":12589,"date":"2024-11-23T23:02:52","date_gmt":"2024-11-23T23:02:52","guid":{"rendered":"https:\/\/ladepeche.mr\/?p=12589"},"modified":"2024-11-23T23:02:52","modified_gmt":"2024-11-23T23:02:52","slug":"maroc-sahara-washington-reaffirme-son-soutien-a-linitiative-marocaine-dautonomie-en-tant-que-solution-serieuse-credible-et-realiste-mme-barbara-leaf","status":"publish","type":"post","link":"https:\/\/ladepeche.mr\/?p=12589","title":{"rendered":"Maroc- Sahara- Washington r\u00e9affirme son soutien \u00e0 l&#8217;initiative marocaine d&#8217;autonomie en tant que solution s\u00e9rieuse, cr\u00e9dible et r\u00e9aliste (Mme Barbara Leaf)"},"content":{"rendered":"<p>Les Etats-Unis r\u00e9affirment leur soutien \u00e0 l&#8217;initiative marocaine d&#8217;autonomie en tant que solution s\u00e9rieuse, cr\u00e9dible et r\u00e9aliste \u00e0 la question du Sahara marocain, a indiqu\u00e9, vendredi \u00e0 Rabat, la Secr\u00e9taire d\u2019Etat adjointe am\u00e9ricaine aux Affaires du Proche-Orient, Barbara Leaf.<\/p>\n<p>Washington continue de soutenir l&#8217;Envoy\u00e9 personnel du Secr\u00e9taire G\u00e9n\u00e9ral de l&#8217;ONU pour le Sahara, Staffan De Mistura, dans ses efforts visant \u00e0 faire avancer les n\u00e9gociations en vue d&#8217;une solution politique mutuellement acceptable, a-t-elle ajout\u00e9 lors d\u2019un point de presse \u00e0 l&#8217;issue de ses entretiens avec le ministre marocain des Affaires \u00e9trang\u00e8res, de la Coop\u00e9ration africaine et des Marocains r\u00e9sidant \u00e0 l&#8217;\u00e9tranger, Nasser Bourita.<\/p>\n","protected":false},"excerpt":{"rendered":"<p>Les Etats-Unis r\u00e9affirment leur soutien \u00e0 l&#8217;initiative marocaine d&#8217;autonomie en tant que solution s\u00e9rieuse, cr\u00e9dible et r\u00e9aliste \u00e0 la question du Sahara marocain, a indiqu\u00e9, vendredi \u00e0 Rabat, la Secr\u00e9taire d\u2019Etat adjointe am\u00e9ricaine aux Affaires du Proche-Orient, Barbara Leaf. Washington continue de soutenir l&#8217;Envoy\u00e9 personnel du Secr\u00e9taire G\u00e9n\u00e9ral de l&#8217;ONU pour le Sahara, Staffan De &hellip;<\/p>\n","protected":false},"author":2,"featured_media":12590,"comment_status":"open","ping_status":"open","sticky":false,"template":"","format":"standard","meta":{"footnotes":""},"categories":[18,29],"tags":[],"class_list":["post-12589","post","type-post","status-publish","format-standard","has-post-thumbnail","hentry","category-actualites","category-monde"],"_links":{"self":[{"href":"https:\/\/ladepeche.mr\/index.php?rest_route=\/wp\/v2\/posts\/12589","targetHints":{"allow":["GET"]}}],"collection":[{"href":"https:\/\/ladepeche.mr\/index.php?rest_route=\/wp\/v2\/posts"}],"about":[{"href":"https:\/\/ladepeche.mr\/index.php?rest_route=\/wp\/v2\/types\/post"}],"author":[{"embeddable":true,"href":"https:\/\/ladepeche.mr\/index.php?rest_route=\/wp\/v2\/users\/2"}],"replies":[{"embeddable":true,"href":"https:\/\/ladepeche.mr\/index.php?rest_route=%2Fwp%2Fv2%2Fcomments&post=12589"}],"version-history":[{"count":1,"href":"https:\/\/ladepeche.mr\/index.php?rest_route=\/wp\/v2\/posts\/12589\/revisions"}],"predecessor-version":[{"id":12591,"href":"https:\/\/ladepeche.mr\/index.php?rest_route=\/wp\/v2\/posts\/12589\/revisions\/12591"}],"wp:featuredmedia":[{"embeddable":true,"href":"https:\/\/ladepeche.mr\/index.php?rest_route=\/wp\/v2\/media\/12590"}],"wp:attachment":[{"href":"https:\/\/ladepeche.mr\/index.php?rest_route=%2Fwp%2Fv2%2Fmedia&parent=12589"}],"wp:term":[{"taxonomy":"category","embeddable":true,"href":"https:\/\/ladepeche.mr\/index.php?rest_route=%2Fwp%2Fv2%2Fcategories&post=12589"},{"taxonomy":"post_tag","embeddable":true,"href":"https:\/\/ladepeche.mr\/index.php?rest_route=%2Fwp%2Fv2%2Ftags&post=12589"}],"curies":[{"name":"wp","href":"https:\/\/api.w.org\/{rel}","templated":true}]}}