{"id":12596,"date":"2024-11-25T22:34:50","date_gmt":"2024-11-25T22:34:50","guid":{"rendered":"https:\/\/ladepeche.mr\/?p=12596"},"modified":"2024-11-25T22:34:50","modified_gmt":"2024-11-25T22:34:50","slug":"le-ministre-de-leconomie-et-des-finances-preside-une-seance-dentretiens-avec-la-delegation-du-fades","status":"publish","type":"post","link":"https:\/\/ladepeche.mr\/?p=12596","title":{"rendered":"Le ministre de l&#8217;\u00e9conomie et des Finances pr\u00e9side une s\u00e9ance d&#8217;entretiens avec la d\u00e9l\u00e9gation du FADES"},"content":{"rendered":"<p>Les ministres, de l&#8217;\u00c9conomie et des Finances, M. Sid&#8217; Ahmed Ould Bouh, de l&#8217;Hydraulique et de l&#8217;Assainissement, Mme Amal mint Maouloud, et de l&#8217;\u00c9quipement et des Transports, M. Ely Ould Veirik, accompagn\u00e9s de leurs cadres techniques, ont tenu une s\u00e9ance de travail avec la d\u00e9l\u00e9gation du Fonds arabe pour le d\u00e9veloppement \u00e9conomique et social (FADES), conduite par le directeur g\u00e9n\u00e9ral et pr\u00e9sident du conseil d&#8217;administration, Badr Mohamed El Saad, en pr\u00e9sence d&#8217;un certain nombre de cadres techniques de l&#8217;instance.<\/p>\n<p>La s\u00e9ance a \u00e9t\u00e9 ouverte par une allocution du ministre de l&#8217;Economie et des Finances, au cours de laquelle il a souhait\u00e9 la bienvenue au chef de la d\u00e9l\u00e9gation du Fonds et \u00e0 sa suite, soulignant le r\u00f4le pionnier du Fonds et sa contribution \u00e0 l&#8217;acc\u00e9l\u00e9ration du rythme du d\u00e9veloppement \u00e9conomique et social dans les pays arabes en g\u00e9n\u00e9ral et en Mauritanie en particulier, comme en t\u00e9moignent l&#8217;efficience et l&#8217;efficacit\u00e9 du soutien apport\u00e9 par celui-ci, qui s&#8217;est diversifi\u00e9 dans diff\u00e9rents secteurs \u00e0 travers des dons, des pr\u00eats concessionnels et une assistance technique qui ont \u00e9t\u00e9 \u00e0 l&#8217;origine de la r\u00e9alisation d&#8217;importants projets ayant un impact direct sur l&#8217;am\u00e9lioration de la qualit\u00e9 des conditions de vie de la population en lui permettant acc\u00e8s aux services de base tels que l&#8217;eau potable, l&#8217;\u00e9lectricit\u00e9 et des infrastructures routi\u00e8res de bonne qualit\u00e9.<\/p>\n<p>Le ministre a rappel\u00e9 la solidit\u00e9 des relations entre la Mauritanie, membre du FADES, et ce dernier, pr\u00e9cisant que lors de l&#8217;audience accord\u00e9e par Son Excellence le Pr\u00e9sident de la R\u00e9publique, Monsieur Mohamed Ould Cheikh El Ghazouani, au directeur g\u00e9n\u00e9ral du Fonds, la profondeur de ces liens et la n\u00e9cessit\u00e9 de les promouvoir et d&#8217;exploiter les opportunit\u00e9s disponibles pour faire avancer le partenariat entre les deux parties ont \u00e9t\u00e9 mises en exergue.<\/p>\n<p>Le ministre a soulign\u00e9 que les s\u00e9ances de travail de cette visite incluront une r\u00e9union avec les acteurs du secteur priv\u00e9 sur la base de la vision du Fonds et de notre pays fond\u00e9e sur la n\u00e9cessit\u00e9 d&#8217;impliquer le secteur priv\u00e9 dans le processus de d\u00e9veloppement en tant qu&#8217;acteur indispensable. Cette rencontre sera \u00e9galement l&#8217;occasion pour le Fonds de pr\u00e9senter sa strat\u00e9gie de d\u00e9veloppement et de partenariat aux acteurs du secteur priv\u00e9.<\/p>\n<p>Pour sa part, le directeur g\u00e9n\u00e9ral du Fonds Arabe pour le D\u00e9veloppement Economique et Social a salu\u00e9 l&#8217;excellence des relations avec la Mauritanie, soulignant que l&#8217;audience avec le Pr\u00e9sident de la R\u00e9publique a \u00e9t\u00e9 consacr\u00e9e \u00e0 l&#8217;examen des relations entre la Mauritanie et le Fonds Arabe et les possibilit\u00e9s de les renforc\u00e9es et de les diversifi\u00e9es pour int\u00e9grer davantage le secteur priv\u00e9. Il a \u00e9galement indiqu\u00e9 avoir re\u00e7u des orientations de haut niveau du Pr\u00e9sident visant \u00e0 poursuivre les efforts pour consolider cette coop\u00e9ration exemplaire. Le directeur g\u00e9n\u00e9ral a expos\u00e9 au chef de l\u2019\u00c9tat les grandes lignes de la nouvelle strat\u00e9gie du Fonds, qui inclut, en plus des pr\u00eats concessionnels, des programmes tels que des garanties pour le secteur priv\u00e9 et le financement du commerce.<\/p>\n<p>Par la suite, la ministre de l&#8217;Hydraulique et de l&#8217;Assainissement a pr\u00e9sent\u00e9 le portefeuille de coop\u00e9ration entre son D\u00e9partement et le FADES, tandis que le ministre de l&#8217;Equipement et des Transports a fait le point sur les projets routiers financ\u00e9s ou en cours d&#8217;\u00e9tude par le Fonds. Les \u00e9quipes techniques des minist\u00e8res concern\u00e9s et celles du Fonds ont ensuite engag\u00e9 des discussions approfondies pour examiner le suivi des projets inclus dans le portefeuille de coop\u00e9ration ainsi que ceux programm\u00e9s pour \u00eatre soumis au Fonds. Elles ont \u00e9galement explor\u00e9 les opportunit\u00e9s d\u2019investissement significatives, qu\u2019il s\u2019agisse de projets en cours ou de nouvelles initiatives susceptibles d\u2019avoir un impact positif direct sur la vie des Mauritaniens gr\u00e2ce \u00e0 l\u2019intervention du FADES.<\/p>\n","protected":false},"excerpt":{"rendered":"<p>Les ministres, de l&#8217;\u00c9conomie et des Finances, M. Sid&#8217; Ahmed Ould Bouh, de l&#8217;Hydraulique et de l&#8217;Assainissement, Mme Amal mint Maouloud, et de l&#8217;\u00c9quipement et des Transports, M. Ely Ould Veirik, accompagn\u00e9s de leurs cadres techniques, ont tenu une s\u00e9ance de travail avec la d\u00e9l\u00e9gation du Fonds arabe pour le d\u00e9veloppement \u00e9conomique et social (FADES), &hellip;<\/p>\n","protected":false},"author":2,"featured_media":12597,"comment_status":"open","ping_status":"open","sticky":false,"template":"","format":"standard","meta":{"footnotes":""},"categories":[18,2],"tags":[],"class_list":["post-12596","post","type-post","status-publish","format-standard","has-post-thumbnail","hentry","category-actualites","category-economie"],"_links":{"self":[{"href":"https:\/\/ladepeche.mr\/index.php?rest_route=\/wp\/v2\/posts\/12596","targetHints":{"allow":["GET"]}}],"collection":[{"href":"https:\/\/ladepeche.mr\/index.php?rest_route=\/wp\/v2\/posts"}],"about":[{"href":"https:\/\/ladepeche.mr\/index.php?rest_route=\/wp\/v2\/types\/post"}],"author":[{"embeddable":true,"href":"https:\/\/ladepeche.mr\/index.php?rest_route=\/wp\/v2\/users\/2"}],"replies":[{"embeddable":true,"href":"https:\/\/ladepeche.mr\/index.php?rest_route=%2Fwp%2Fv2%2Fcomments&post=12596"}],"version-history":[{"count":1,"href":"https:\/\/ladepeche.mr\/index.php?rest_route=\/wp\/v2\/posts\/12596\/revisions"}],"predecessor-version":[{"id":12598,"href":"https:\/\/ladepeche.mr\/index.php?rest_route=\/wp\/v2\/posts\/12596\/revisions\/12598"}],"wp:featuredmedia":[{"embeddable":true,"href":"https:\/\/ladepeche.mr\/index.php?rest_route=\/wp\/v2\/media\/12597"}],"wp:attachment":[{"href":"https:\/\/ladepeche.mr\/index.php?rest_route=%2Fwp%2Fv2%2Fmedia&parent=12596"}],"wp:term":[{"taxonomy":"category","embeddable":true,"href":"https:\/\/ladepeche.mr\/index.php?rest_route=%2Fwp%2Fv2%2Fcategories&post=12596"},{"taxonomy":"post_tag","embeddable":true,"href":"https:\/\/ladepeche.mr\/index.php?rest_route=%2Fwp%2Fv2%2Ftags&post=12596"}],"curies":[{"name":"wp","href":"https:\/\/api.w.org\/{rel}","templated":true}]}}