{"id":12603,"date":"2024-11-27T10:42:30","date_gmt":"2024-11-27T10:42:30","guid":{"rendered":"https:\/\/ladepeche.mr\/?p=12603"},"modified":"2024-11-27T10:42:30","modified_gmt":"2024-11-27T10:42:30","slug":"reunion-du-conseil-executif-de-lua-le-maecme-preside-la-23e-session-extraordinaire","status":"publish","type":"post","link":"https:\/\/ladepeche.mr\/?p=12603","title":{"rendered":"R\u00e9union du conseil ex\u00e9cutif de l\u2019Ua\u00a0: Le maecme pr\u00e9side la 23e session extraordinaire"},"content":{"rendered":"<p>Le ministre des Affaires \u00e9trang\u00e8res, de la Coop\u00e9ration africaine et des Mauritaniens de l\u2019ext\u00e9rieur, M. Mohamed Salem Ould Merzoug, a pr\u00e9sid\u00e9, hier lundi, par vid\u00e9oconf\u00e9rence, la 23\u00e8me session de la r\u00e9union extraordinaire du Conseil ex\u00e9cutif de l\u2019Union africaine (UA).<\/p>\n<p>La r\u00e9union a abord\u00e9 la question de l\u2019audit et de l\u2019\u00e9valuation des comp\u00e9tences de la Commission de l\u2019UA (SACA) ainsi que la participation de S.E. le Pr\u00e9sident de la R\u00e9publique Mohamed Ould Cheikh El-Ghazouani, Pr\u00e9sident en exercice de l\u2019UA, au Sommet du G20 qui s\u2019est tenu au Br\u00e9sil les 18 et 19 novembre et auquel l\u2019UA a particip\u00e9 pour la premi\u00e8re fois en tant que membre permanent de ce groupe.<\/p>\n<p>Dans son discours, le ministre a soulign\u00e9 l\u2019importance pour les \u00c9tats membres de faire de leur mieux pour mener \u00e0 bien l\u2019audit des comp\u00e9tences et l\u2019\u00e9valuation des comp\u00e9tences de la CUA d\u2019une mani\u00e8re qui soit conforme \u00e0 l\u2019esprit de la r\u00e9forme, qui n\u2019ajoute pas de nouvelles charges aux \u00c9tats membres, qui permette d\u2019obtenir les comp\u00e9tences les meilleures et les plus comp\u00e9tentes en Afrique et qui provienne de diff\u00e9rents pays et r\u00e9gions du continent afin d\u2019assurer l\u2019inclusion de tous.<\/p>\n<p>La r\u00e9union s\u2019est d\u00e9roul\u00e9e en pr\u00e9sence de Son Excellence l\u2019Ambassadeur et Repr\u00e9sentante de notre pays aupr\u00e8s de l\u2019Union africaine, Mme Khadijetou M\u2019barek Fall, de M. Ahmed Ould Mahmouda, Ambassadeur, Directeur g\u00e9n\u00e9ral de la coop\u00e9ration multilat\u00e9rale au minist\u00e8re, et de M. Diakit\u00e9 Moustapha, Ambassadeur, Directeur de l\u2019Union africaine au minist\u00e8re.<\/p>\n<p>Ami<\/p>\n<p>Titre LDM<\/p>\n<p>&nbsp;<\/p>\n","protected":false},"excerpt":{"rendered":"<p>Le ministre des Affaires \u00e9trang\u00e8res, de la Coop\u00e9ration africaine et des Mauritaniens de l\u2019ext\u00e9rieur, M. Mohamed Salem Ould Merzoug, a pr\u00e9sid\u00e9, hier lundi, par vid\u00e9oconf\u00e9rence, la 23\u00e8me session de la r\u00e9union extraordinaire du Conseil ex\u00e9cutif de l\u2019Union africaine (UA). La r\u00e9union a abord\u00e9 la question de l\u2019audit et de l\u2019\u00e9valuation des comp\u00e9tences de la Commission &hellip;<\/p>\n","protected":false},"author":2,"featured_media":12604,"comment_status":"open","ping_status":"open","sticky":false,"template":"","format":"standard","meta":{"footnotes":""},"categories":[18,29],"tags":[],"class_list":["post-12603","post","type-post","status-publish","format-standard","has-post-thumbnail","hentry","category-actualites","category-monde"],"_links":{"self":[{"href":"https:\/\/ladepeche.mr\/index.php?rest_route=\/wp\/v2\/posts\/12603","targetHints":{"allow":["GET"]}}],"collection":[{"href":"https:\/\/ladepeche.mr\/index.php?rest_route=\/wp\/v2\/posts"}],"about":[{"href":"https:\/\/ladepeche.mr\/index.php?rest_route=\/wp\/v2\/types\/post"}],"author":[{"embeddable":true,"href":"https:\/\/ladepeche.mr\/index.php?rest_route=\/wp\/v2\/users\/2"}],"replies":[{"embeddable":true,"href":"https:\/\/ladepeche.mr\/index.php?rest_route=%2Fwp%2Fv2%2Fcomments&post=12603"}],"version-history":[{"count":1,"href":"https:\/\/ladepeche.mr\/index.php?rest_route=\/wp\/v2\/posts\/12603\/revisions"}],"predecessor-version":[{"id":12605,"href":"https:\/\/ladepeche.mr\/index.php?rest_route=\/wp\/v2\/posts\/12603\/revisions\/12605"}],"wp:featuredmedia":[{"embeddable":true,"href":"https:\/\/ladepeche.mr\/index.php?rest_route=\/wp\/v2\/media\/12604"}],"wp:attachment":[{"href":"https:\/\/ladepeche.mr\/index.php?rest_route=%2Fwp%2Fv2%2Fmedia&parent=12603"}],"wp:term":[{"taxonomy":"category","embeddable":true,"href":"https:\/\/ladepeche.mr\/index.php?rest_route=%2Fwp%2Fv2%2Fcategories&post=12603"},{"taxonomy":"post_tag","embeddable":true,"href":"https:\/\/ladepeche.mr\/index.php?rest_route=%2Fwp%2Fv2%2Ftags&post=12603"}],"curies":[{"name":"wp","href":"https:\/\/api.w.org\/{rel}","templated":true}]}}