{"id":12606,"date":"2024-11-27T11:51:05","date_gmt":"2024-11-27T11:51:05","guid":{"rendered":"https:\/\/ladepeche.mr\/?p=12606"},"modified":"2024-11-27T11:51:05","modified_gmt":"2024-11-27T11:51:05","slug":"liban-israel-le-cessez-le-feu-est-entre-en-vigueur-a-4-heures-du-matin","status":"publish","type":"post","link":"https:\/\/ladepeche.mr\/?p=12606","title":{"rendered":"Liban\/Isra\u00ebl: le cessez-le-feu est entr\u00e9 en vigueur \u00e0 4 heures du matin"},"content":{"rendered":"<p>Le pr\u00e9sident am\u00e9ricain Joe Biden a confirm\u00e9 que le cessez-le-feu entre Isra\u00ebl et le Hezbollah entrerait en vigueur \u00e0 4 heures du matin, marquant la fin de plus de 14 mois de tensions et de deux mois d\u2019une guerre totale d\u00e9vastatrice au Liban. Cet accord, qualifi\u00e9 par Biden de \u00ab\u00a0nouvelle \u00e9tape pour le Liban\u00a0\u00bb, a \u00e9t\u00e9 accueilli avec un m\u00e9lange de soulagement et de scepticisme tant au niveau local qu\u2019international. Cette annonce intervient apr\u00e8s que le cabinet de s\u00e9curit\u00e9 isra\u00e9lien a approuv\u00e9 le texte de l\u2019accord propos\u00e9 par les \u00c9tats-Unis, avec le soutien de la France. Sur les onze ministres pr\u00e9sents, dix ont vot\u00e9 en faveur de l\u2019accord, un seul s\u2019y opposant. Le Premier ministre isra\u00e9lien Benjamin Netanyahu a salu\u00e9 cet accord comme une opportunit\u00e9 strat\u00e9gique, tout en r\u00e9it\u00e9rant que son pays se r\u00e9servait le droit d\u2019agir si le Hezbollah violait les termes du cessez-le-feu. Les termes de l\u2019accord : retrait et red\u00e9ploiement Selon les termes de l\u2019accord, Isra\u00ebl retirera ses forces du sud du Liban, o\u00f9 elles avaient progress\u00e9 jusqu\u2019\u00e0 la rivi\u00e8re Litani apr\u00e8s des semaines de combats. De son c\u00f4t\u00e9, le Hezbollah sera contraint de repositionner ses combattants au nord de cette rivi\u00e8re. Cette zone, situ\u00e9e \u00e0 environ 30 kilom\u00e8tres de la fronti\u00e8re isra\u00e9lienne, sera contr\u00f4l\u00e9e par l\u2019arm\u00e9e libanaise, \u00e9paul\u00e9e par la FINUL (Force int\u00e9rimaire des Nations Unies au Liban). Le secr\u00e9taire d\u2019\u00c9tat am\u00e9ricain Antony Blinken a soulign\u00e9 que cet accord visait \u00e0 \u00e9tablir une \u00ab\u00a0cessation permanente des hostilit\u00e9s\u00a0\u00bb. Toutefois, Isra\u00ebl a insist\u00e9 pour conserver le droit de mener des frappes en cas de violation des termes par le Hezbollah. Cette disposition a \u00e9t\u00e9 rejet\u00e9e par le gouvernement libanais, qui consid\u00e8re qu\u2019elle repr\u00e9sente une atteinte \u00e0 la souverainet\u00e9 nationale. Les r\u00e9actions locales : entre prudence et soulagement Au Liban, l\u2019accord a \u00e9t\u00e9 salu\u00e9 par le Premier ministre par int\u00e9rim Najib Mikati, qui a qualifi\u00e9 ce cessez-le-feu de \u00ab\u00a0fondamental pour r\u00e9tablir la stabilit\u00e9\u00a0\u00bb. Mikati a annonc\u00e9 que le gouvernement renforcerait la pr\u00e9sence de l\u2019arm\u00e9e libanaise dans le sud, en pr\u00e9voyant le d\u00e9ploiement de 5 000 soldats pour assurer la s\u00e9curit\u00e9 et contr\u00f4ler la fronti\u00e8re. Cependant, des voix discordantes se sont \u00e9galement fait entendre. Mahmoud Qamati, haut responsable du Hezbollah, a d\u00e9clar\u00e9 que le groupe acceptait les termes de l\u2019accord mais restait vigilant face \u00e0 toute atteinte \u00e0 la souverainet\u00e9 libanaise. \u00ab\u00a0Nous voulons mettre fin \u00e0 l\u2019agression, mais pas au d\u00e9triment de la dignit\u00e9 du Liban\u00a0\u00bb, a-t-il affirm\u00e9. Une journ\u00e9e meurtri\u00e8re avant l\u2019entr\u00e9e en vigueur du cessez-le-feu Avant l\u2019annonce officielle du cessez-le-feu, Isra\u00ebl a intensifi\u00e9 ses bombardements sur Beyrouth et ses banlieues sud, qualifi\u00e9es de bastions du Hezbollah. Trois frappes ont touch\u00e9 le quartier de Nweiri, d\u00e9truisant un immeuble de quatre \u00e9tages abritant des personnes d\u00e9plac\u00e9es. Selon le minist\u00e8re de la Sant\u00e9, sept personnes ont \u00e9t\u00e9 tu\u00e9es et trente-sept bless\u00e9es dans ces attaques. Le quartier commer\u00e7ant de Hamra a \u00e9galement \u00e9t\u00e9 cibl\u00e9, marquant l\u2019une des rares fois o\u00f9 cette zone, situ\u00e9e au c\u0153ur de la capitale, a \u00e9t\u00e9 frapp\u00e9e depuis le d\u00e9but du conflit. La \u00ab\u00a0ceinture de feu\u00a0\u00bb cr\u00e9\u00e9e par les frappes autour des banlieues sud de Beyrouth, notamment \u00e0 Burj al-Barajneh et Haret Hreik, a \u00e9t\u00e9 d\u00e9crite par les m\u00e9dias locaux comme une tentative de dernier assaut avant l\u2019entr\u00e9e en vigueur du cessez-le-feu. Les dimensions internationales : une pression accrue sur Isra\u00ebl et le Hezbollah Le cessez-le-feu a \u00e9t\u00e9 obtenu gr\u00e2ce \u00e0 une m\u00e9diation intense des \u00c9tats-Unis et de la France, avec le soutien des Nations Unies et de l\u2019Union europ\u00e9enne. La communaut\u00e9 internationale, notamment le G7, a multipli\u00e9 les appels en faveur d\u2019une cessation imm\u00e9diate des hostilit\u00e9s, qualifiant la situation de \u00ab\u00a0menace majeure pour la stabilit\u00e9 r\u00e9gionale\u00a0\u00bb. Le pr\u00e9sident fran\u00e7ais Emmanuel Macron, dans une d\u00e9claration conjointe avec Biden, a affirm\u00e9 que cet accord marquait une \u00e9tape cruciale vers une paix durable au Liban. \u00ab\u00a0Nous nous engageons \u00e0 garantir que l\u2019accord sera pleinement mis en \u0153uvre, tout en respectant la souverainet\u00e9 libanaise\u00a0\u00bb, a-t-il d\u00e9clar\u00e9. Isra\u00ebl divis\u00e9 face au cessez-le-feu En Isra\u00ebl, l\u2019annonce du cessez-le-feu a suscit\u00e9 des r\u00e9actions mitig\u00e9es. Si la majorit\u00e9 du cabinet de s\u00e9curit\u00e9 a approuv\u00e9 l\u2019accord, certains ministres d\u2019extr\u00eame droite, dont Itamar Ben Gvir, ont exprim\u00e9 leur opposition, estimant que cet accord repr\u00e9sentait une \u00ab\u00a0occasion manqu\u00e9e d\u2019\u00e9radiquer compl\u00e8tement le Hezbollah\u00a0\u00bb. Les sondages d\u2019opinion r\u00e9v\u00e8lent \u00e9galement une population divis\u00e9e. Selon un sondage de la cha\u00eene Channel 12, 37 % des Isra\u00e9liens soutiennent le cessez-le-feu, tandis que 32 % s\u2019y opposent et 31 % restent ind\u00e9cis. Des manifestations ont \u00e9clat\u00e9 \u00e0 Tel Aviv, o\u00f9 des habitants du nord du pays, contraints de quitter leurs maisons pendant les hostilit\u00e9s, ont exprim\u00e9 leurs craintes face \u00e0 un retour pr\u00e9matur\u00e9 dans des zones proches de la fronti\u00e8re. Un bilan humain et mat\u00e9riel accablant Depuis le d\u00e9but des affrontements en octobre 2023, le Liban a enregistr\u00e9 3 823 morts et 15 859 bless\u00e9s, selon les chiffres du minist\u00e8re de la Sant\u00e9 publique. Isra\u00ebl, de son c\u00f4t\u00e9, d\u00e9plore 82 soldats tu\u00e9s et 47 civils morts. Les pertes \u00e9conomiques et mat\u00e9rielles sont tout aussi consid\u00e9rables, avec des infrastructures d\u00e9truites dans tout le sud du Liban et des quartiers de Beyrouth. Les frappes isra\u00e9liennes ont \u00e9galement cibl\u00e9 des b\u00e2timents suppos\u00e9ment li\u00e9s aux finances du Hezbollah, notamment des filiales de Qard al-Hassan, accentuant les tensions locales et internationales. Perspectives et incertitudes Alors que l\u2019accord entre en vigueur, de nombreuses questions restent en suspens. La capacit\u00e9 du gouvernement libanais \u00e0 garantir un contr\u00f4le effectif de la fronti\u00e8re et \u00e0 d\u00e9sarmer les factions arm\u00e9es suscite des doutes. De plus, la condition impos\u00e9e par Isra\u00ebl de pouvoir intervenir en cas de violation pourrait compliquer la mise en \u0153uvre d\u2019une paix durable. Le Liban, d\u00e9j\u00e0 affaibli par une crise \u00e9conomique sans pr\u00e9c\u00e9dent, devra \u00e9galement relever le d\u00e9fi de la reconstruction des zones d\u00e9vast\u00e9es, t\u00e2che rendue difficile par un manque chronique de ressources et d\u2019investissements internationaux. Ce cessez-le-feu, bien que salu\u00e9 comme une avanc\u00e9e, n\u2019est qu\u2019une \u00e9tape dans un processus complexe de stabilisation et de r\u00e9solution des tensions profondes qui continuent de secouer la r\u00e9gion.<\/p>\n<p>Lire la suite sur :\u00a0<a href=\"https:\/\/libnanews.com\/liban-israel-le-cessez-le-feu-est-entre-en-vigueur-a-4-heures-du-matin\/\">http:\/\/libnanews.com\/liban-israel-le-cessez-le-feu-est-entre-en-vigueur-a-4-heures-du-matin\/<\/a><\/p>\n","protected":false},"excerpt":{"rendered":"<p>Le pr\u00e9sident am\u00e9ricain Joe Biden a confirm\u00e9 que le cessez-le-feu entre Isra\u00ebl et le Hezbollah entrerait en vigueur \u00e0 4 heures du matin, marquant la fin de plus de 14 mois de tensions et de deux mois d\u2019une guerre totale d\u00e9vastatrice au Liban. Cet accord, qualifi\u00e9 par Biden de \u00ab\u00a0nouvelle \u00e9tape pour le Liban\u00a0\u00bb, a &hellip;<\/p>\n","protected":false},"author":2,"featured_media":12608,"comment_status":"open","ping_status":"open","sticky":false,"template":"","format":"standard","meta":{"footnotes":""},"categories":[18,29],"tags":[],"class_list":["post-12606","post","type-post","status-publish","format-standard","has-post-thumbnail","hentry","category-actualites","category-monde"],"_links":{"self":[{"href":"https:\/\/ladepeche.mr\/index.php?rest_route=\/wp\/v2\/posts\/12606","targetHints":{"allow":["GET"]}}],"collection":[{"href":"https:\/\/ladepeche.mr\/index.php?rest_route=\/wp\/v2\/posts"}],"about":[{"href":"https:\/\/ladepeche.mr\/index.php?rest_route=\/wp\/v2\/types\/post"}],"author":[{"embeddable":true,"href":"https:\/\/ladepeche.mr\/index.php?rest_route=\/wp\/v2\/users\/2"}],"replies":[{"embeddable":true,"href":"https:\/\/ladepeche.mr\/index.php?rest_route=%2Fwp%2Fv2%2Fcomments&post=12606"}],"version-history":[{"count":1,"href":"https:\/\/ladepeche.mr\/index.php?rest_route=\/wp\/v2\/posts\/12606\/revisions"}],"predecessor-version":[{"id":12609,"href":"https:\/\/ladepeche.mr\/index.php?rest_route=\/wp\/v2\/posts\/12606\/revisions\/12609"}],"wp:featuredmedia":[{"embeddable":true,"href":"https:\/\/ladepeche.mr\/index.php?rest_route=\/wp\/v2\/media\/12608"}],"wp:attachment":[{"href":"https:\/\/ladepeche.mr\/index.php?rest_route=%2Fwp%2Fv2%2Fmedia&parent=12606"}],"wp:term":[{"taxonomy":"category","embeddable":true,"href":"https:\/\/ladepeche.mr\/index.php?rest_route=%2Fwp%2Fv2%2Fcategories&post=12606"},{"taxonomy":"post_tag","embeddable":true,"href":"https:\/\/ladepeche.mr\/index.php?rest_route=%2Fwp%2Fv2%2Ftags&post=12606"}],"curies":[{"name":"wp","href":"https:\/\/api.w.org\/{rel}","templated":true}]}}