{"id":12610,"date":"2024-11-28T13:00:43","date_gmt":"2024-11-28T13:00:43","guid":{"rendered":"https:\/\/ladepeche.mr\/?p=12610"},"modified":"2024-11-28T12:46:11","modified_gmt":"2024-11-28T12:46:11","slug":"la-hongrie-soutient-le-plan-dautonomie-considere-comme-la-base-la-plus-credible-pour-le-reglement-de-ce-differend-communique-conjoint","status":"publish","type":"post","link":"https:\/\/ladepeche.mr\/?p=12610","title":{"rendered":"La Hongrie soutient le Plan d\u2019autonomie, consid\u00e9r\u00e9 comme &#8220;la base la plus cr\u00e9dible&#8221; pour le r\u00e8glement de ce diff\u00e9rend (communiqu\u00e9 conjoint)"},"content":{"rendered":"<p>Dans le cadre de la dynamique internationale cr\u00e9\u00e9e sous l\u2019impulsion de Sa Majest\u00e9 le Roi Mohammed VI en soutien \u00e0 la souverainet\u00e9 du Maroc sur son Sahara et au Plan d\u2019autonomie, la Hongrie exprime son appui aux efforts d\u00e9ploy\u00e9s par le Royaume pour la r\u00e9solution de la question du Sahara et soutient le Plan d\u2019autonomie, pr\u00e9sent\u00e9 en 2007, le qualifiant de &#8220;la base la plus cr\u00e9dible&#8221; pour le r\u00e8glement de ce diff\u00e9rend.<\/p>\n<p>Cette position a \u00e9t\u00e9 exprim\u00e9e par la Hongrie dans le communiqu\u00e9 conjoint sign\u00e9 \u00e0 l\u2019issue d\u2019une rencontre, mercredi Rabat, entre le ministre des Affaires \u00e9trang\u00e8res, de la Coop\u00e9ration africaine et des Marocains r\u00e9sidant \u00e0l\u2019\u00c9tranger, M. Nasser Bourita, et son homologue hongrois, M. P\u00e9ter Szijj\u00e1rt\u00f3.<\/p>\n<p>A ce titre, les deux ministres ont &#8220;r\u00e9affirm\u00e9 leur soutien au processus politique men\u00e9 par les Nations Unies et aux efforts du Secr\u00e9taire G\u00e9n\u00e9ral des Nations Unies pour parvenir \u00e0 une solution \u00e0 la question du Sahara, conform\u00e9ment aux r\u00e9solutions du Conseil de S\u00e9curit\u00e9&#8221;.<\/p>\n<p>Le Maroc et la Hongrie soulignent &#8220;leurs r\u00f4les positifs et constructifs dans le maintien de la stabilit\u00e9, de la s\u00e9curit\u00e9 et de la paix dans leurs r\u00e9gions respectives&#8221; et notent &#8220;leur attachement \u00e0 ces principes, ainsi qu\u2019\u00e0 une r\u00e9solution pacifique des conflits et au respect de l\u2019int\u00e9grit\u00e9 territoriale et de la souverainet\u00e9 des Etats&#8221;, lit-on dans le communiqu\u00e9 conjoint.<\/p>\n<p>Par sa nouvelle position renforc\u00e9e, la Hongrie vient conforter le momentum r\u00e9cemment cr\u00e9\u00e9, dont se f\u00e9licite la derni\u00e8re r\u00e9solution du Conseil de S\u00e9curit\u00e9 des Nations Unies et qui demande instamment qu\u2019il soit mis \u00e0 profit.<\/p>\n<p>MAP<\/p>\n","protected":false},"excerpt":{"rendered":"<p>Dans le cadre de la dynamique internationale cr\u00e9\u00e9e sous l\u2019impulsion de Sa Majest\u00e9 le Roi Mohammed VI en soutien \u00e0 la souverainet\u00e9 du Maroc sur son Sahara et au Plan d\u2019autonomie, la Hongrie exprime son appui aux efforts d\u00e9ploy\u00e9s par le Royaume pour la r\u00e9solution de la question du Sahara et soutient le Plan d\u2019autonomie, &hellip;<\/p>\n","protected":false},"author":2,"featured_media":12617,"comment_status":"open","ping_status":"open","sticky":false,"template":"","format":"standard","meta":{"footnotes":""},"categories":[18,29],"tags":[],"class_list":["post-12610","post","type-post","status-publish","format-standard","has-post-thumbnail","hentry","category-actualites","category-monde"],"_links":{"self":[{"href":"https:\/\/ladepeche.mr\/index.php?rest_route=\/wp\/v2\/posts\/12610","targetHints":{"allow":["GET"]}}],"collection":[{"href":"https:\/\/ladepeche.mr\/index.php?rest_route=\/wp\/v2\/posts"}],"about":[{"href":"https:\/\/ladepeche.mr\/index.php?rest_route=\/wp\/v2\/types\/post"}],"author":[{"embeddable":true,"href":"https:\/\/ladepeche.mr\/index.php?rest_route=\/wp\/v2\/users\/2"}],"replies":[{"embeddable":true,"href":"https:\/\/ladepeche.mr\/index.php?rest_route=%2Fwp%2Fv2%2Fcomments&post=12610"}],"version-history":[{"count":2,"href":"https:\/\/ladepeche.mr\/index.php?rest_route=\/wp\/v2\/posts\/12610\/revisions"}],"predecessor-version":[{"id":12618,"href":"https:\/\/ladepeche.mr\/index.php?rest_route=\/wp\/v2\/posts\/12610\/revisions\/12618"}],"wp:featuredmedia":[{"embeddable":true,"href":"https:\/\/ladepeche.mr\/index.php?rest_route=\/wp\/v2\/media\/12617"}],"wp:attachment":[{"href":"https:\/\/ladepeche.mr\/index.php?rest_route=%2Fwp%2Fv2%2Fmedia&parent=12610"}],"wp:term":[{"taxonomy":"category","embeddable":true,"href":"https:\/\/ladepeche.mr\/index.php?rest_route=%2Fwp%2Fv2%2Fcategories&post=12610"},{"taxonomy":"post_tag","embeddable":true,"href":"https:\/\/ladepeche.mr\/index.php?rest_route=%2Fwp%2Fv2%2Ftags&post=12610"}],"curies":[{"name":"wp","href":"https:\/\/api.w.org\/{rel}","templated":true}]}}