{"id":12619,"date":"2024-11-28T12:48:52","date_gmt":"2024-11-28T12:48:52","guid":{"rendered":"https:\/\/ladepeche.mr\/?p=12619"},"modified":"2024-11-28T12:48:52","modified_gmt":"2024-11-28T12:48:52","slug":"la-mauritanie-salue-le-cessez-le-feu-au-liban","status":"publish","type":"post","link":"https:\/\/ladepeche.mr\/?p=12619","title":{"rendered":"La Mauritanie salue le cessez-le-feu au Liban"},"content":{"rendered":"<p>Le Gouvernement de la R\u00e9publique Islamique de Mauritanie se f\u00e9licite du cessez-le-feu au Liban et appelle \u00e0 la mise en \u0153uvre imm\u00e9diate de cet accord, au plein respect de la r\u00e9solution 1701 du Conseil de S\u00e9curit\u00e9 et \u00e0 la n\u00e9cessit\u00e9 de respecter la souverainet\u00e9 libanaise.<\/p>\n<p>Il appelle \u00e9galement \u00e0 la n\u00e9cessit\u00e9 d\u2019arr\u00eater les massacres commis par l\u2019occupation isra\u00e9lienne dans la bande de Gaza et de faciliter la fourniture d\u2019une assistance urgente \u00e0 sa population assi\u00e9g\u00e9e.<\/p>\n<p>Ami<\/p>\n","protected":false},"excerpt":{"rendered":"<p>Le Gouvernement de la R\u00e9publique Islamique de Mauritanie se f\u00e9licite du cessez-le-feu au Liban et appelle \u00e0 la mise en \u0153uvre imm\u00e9diate de cet accord, au plein respect de la r\u00e9solution 1701 du Conseil de S\u00e9curit\u00e9 et \u00e0 la n\u00e9cessit\u00e9 de respecter la souverainet\u00e9 libanaise. Il appelle \u00e9galement \u00e0 la n\u00e9cessit\u00e9 d\u2019arr\u00eater les massacres commis &hellip;<\/p>\n","protected":false},"author":2,"featured_media":3629,"comment_status":"open","ping_status":"open","sticky":false,"template":"","format":"standard","meta":{"footnotes":""},"categories":[18,29],"tags":[],"class_list":["post-12619","post","type-post","status-publish","format-standard","has-post-thumbnail","hentry","category-actualites","category-monde"],"_links":{"self":[{"href":"https:\/\/ladepeche.mr\/index.php?rest_route=\/wp\/v2\/posts\/12619","targetHints":{"allow":["GET"]}}],"collection":[{"href":"https:\/\/ladepeche.mr\/index.php?rest_route=\/wp\/v2\/posts"}],"about":[{"href":"https:\/\/ladepeche.mr\/index.php?rest_route=\/wp\/v2\/types\/post"}],"author":[{"embeddable":true,"href":"https:\/\/ladepeche.mr\/index.php?rest_route=\/wp\/v2\/users\/2"}],"replies":[{"embeddable":true,"href":"https:\/\/ladepeche.mr\/index.php?rest_route=%2Fwp%2Fv2%2Fcomments&post=12619"}],"version-history":[{"count":1,"href":"https:\/\/ladepeche.mr\/index.php?rest_route=\/wp\/v2\/posts\/12619\/revisions"}],"predecessor-version":[{"id":12620,"href":"https:\/\/ladepeche.mr\/index.php?rest_route=\/wp\/v2\/posts\/12619\/revisions\/12620"}],"wp:featuredmedia":[{"embeddable":true,"href":"https:\/\/ladepeche.mr\/index.php?rest_route=\/wp\/v2\/media\/3629"}],"wp:attachment":[{"href":"https:\/\/ladepeche.mr\/index.php?rest_route=%2Fwp%2Fv2%2Fmedia&parent=12619"}],"wp:term":[{"taxonomy":"category","embeddable":true,"href":"https:\/\/ladepeche.mr\/index.php?rest_route=%2Fwp%2Fv2%2Fcategories&post=12619"},{"taxonomy":"post_tag","embeddable":true,"href":"https:\/\/ladepeche.mr\/index.php?rest_route=%2Fwp%2Fv2%2Ftags&post=12619"}],"curies":[{"name":"wp","href":"https:\/\/api.w.org\/{rel}","templated":true}]}}