{"id":12623,"date":"2024-11-28T13:30:10","date_gmt":"2024-11-28T13:30:10","guid":{"rendered":"https:\/\/ladepeche.mr\/?p=12623"},"modified":"2024-11-28T13:02:40","modified_gmt":"2024-11-28T13:02:40","slug":"64eme-anniversaire-de-la-fete-de-lindependance-nationale-grace-presidentielle-au-profit-de-110-detenus","status":"publish","type":"post","link":"https:\/\/ladepeche.mr\/?p=12623","title":{"rendered":"64\u00e8me anniversaire de la f\u00eate de l\u2019Ind\u00e9pendance nationale: Gr\u00e2ce pr\u00e9sidentielle au profit de 110 d\u00e9tenus"},"content":{"rendered":"<p>La Pr\u00e9sidence de la R\u00e9publique annonce qu\u2019\u00e0 l\u2019occasion du 64\u00e8me anniversaire de la f\u00eate de l\u2019ind\u00e9pendance nationale, et conform\u00e9ment aux prescriptions de l\u2019article 37 de la Constitution, Son Excellence Monsieur le Pr\u00e9sident de la R\u00e9publique a pris un d\u00e9cret pour r\u00e9duire d\u2019un (1) an la peine effective de privation de libert\u00e9 pour tous les condamn\u00e9s dont la condamnation est pass\u00e9e en force de chose jug\u00e9e avant le 04\/11\/2024.<\/p>\n<p>Cette r\u00e9duction exclut les condamn\u00e9s pour des crimes li\u00e9s au meurtre, au terrorisme, au viol, \u00e0 la traite des personnes et aux pratiques esclavagistes, au trafic de migrants, \u00e0 l\u2019incitation \u00e0 la haine et \u00e0 la discrimination, \u00e0 la malversation et au d\u00e9tournement de fonds publics, \u00e0 la contrefa\u00e7on de monnaie, au transport, \u00e0 l\u2019importation, \u00e0 l\u2019exportation, \u00e0 l\u2019achat, \u00e0 la vente, au courtage ou \u00e0 la d\u00e9tention de drogues tr\u00e8s dangereuses, \u00e0 l\u2019arnaque et \u00e0 la formation d\u2019associations de malfaiteurs.<\/p>\n<p>Les prisonniers qui ont d\u00e9j\u00e0 b\u00e9n\u00e9fici\u00e9 d\u2019une r\u00e9duction des peines privatives de libert\u00e9 au cours des cinq derni\u00e8res ann\u00e9es ne b\u00e9n\u00e9ficieront pas de cette r\u00e9duction.<\/p>\n<p>L\u2019amnistie concernera 110 prisonniers, allant de la lib\u00e9ration directe \u00e0 l\u2019acc\u00e9l\u00e9ration de la date de lib\u00e9ration d\u2019un an pour les autres b\u00e9n\u00e9ficiaires.<\/p>\n","protected":false},"excerpt":{"rendered":"<p>La Pr\u00e9sidence de la R\u00e9publique annonce qu\u2019\u00e0 l\u2019occasion du 64\u00e8me anniversaire de la f\u00eate de l\u2019ind\u00e9pendance nationale, et conform\u00e9ment aux prescriptions de l\u2019article 37 de la Constitution, Son Excellence Monsieur le Pr\u00e9sident de la R\u00e9publique a pris un d\u00e9cret pour r\u00e9duire d\u2019un (1) an la peine effective de privation de libert\u00e9 pour tous les condamn\u00e9s &hellip;<\/p>\n","protected":false},"author":2,"featured_media":12624,"comment_status":"open","ping_status":"open","sticky":false,"template":"","format":"standard","meta":{"footnotes":""},"categories":[18],"tags":[],"class_list":["post-12623","post","type-post","status-publish","format-standard","has-post-thumbnail","hentry","category-actualites"],"_links":{"self":[{"href":"https:\/\/ladepeche.mr\/index.php?rest_route=\/wp\/v2\/posts\/12623","targetHints":{"allow":["GET"]}}],"collection":[{"href":"https:\/\/ladepeche.mr\/index.php?rest_route=\/wp\/v2\/posts"}],"about":[{"href":"https:\/\/ladepeche.mr\/index.php?rest_route=\/wp\/v2\/types\/post"}],"author":[{"embeddable":true,"href":"https:\/\/ladepeche.mr\/index.php?rest_route=\/wp\/v2\/users\/2"}],"replies":[{"embeddable":true,"href":"https:\/\/ladepeche.mr\/index.php?rest_route=%2Fwp%2Fv2%2Fcomments&post=12623"}],"version-history":[{"count":1,"href":"https:\/\/ladepeche.mr\/index.php?rest_route=\/wp\/v2\/posts\/12623\/revisions"}],"predecessor-version":[{"id":12625,"href":"https:\/\/ladepeche.mr\/index.php?rest_route=\/wp\/v2\/posts\/12623\/revisions\/12625"}],"wp:featuredmedia":[{"embeddable":true,"href":"https:\/\/ladepeche.mr\/index.php?rest_route=\/wp\/v2\/media\/12624"}],"wp:attachment":[{"href":"https:\/\/ladepeche.mr\/index.php?rest_route=%2Fwp%2Fv2%2Fmedia&parent=12623"}],"wp:term":[{"taxonomy":"category","embeddable":true,"href":"https:\/\/ladepeche.mr\/index.php?rest_route=%2Fwp%2Fv2%2Fcategories&post=12623"},{"taxonomy":"post_tag","embeddable":true,"href":"https:\/\/ladepeche.mr\/index.php?rest_route=%2Fwp%2Fv2%2Ftags&post=12623"}],"curies":[{"name":"wp","href":"https:\/\/api.w.org\/{rel}","templated":true}]}}