{"id":12630,"date":"2024-11-28T15:00:46","date_gmt":"2024-11-28T15:00:46","guid":{"rendered":"https:\/\/ladepeche.mr\/?p=12630"},"modified":"2024-11-28T13:24:59","modified_gmt":"2024-11-28T13:24:59","slug":"le-gouvernement-se-reunit-avec-lunion-du-patronat-mauritanien-et-le-fades","status":"publish","type":"post","link":"https:\/\/ladepeche.mr\/?p=12630","title":{"rendered":"Le gouvernement se r\u00e9unit avec l\u2019Union du Patronat mauritanien et le FADES"},"content":{"rendered":"<p>Le minist\u00e8re de l\u2019Economie et des Finances a organis\u00e9, mardi \u00e0 Nouakchott, une r\u00e9union gouvernementale avec l\u2019Union du patronat mauritanien, les op\u00e9rateurs \u00e9conomiques nationaux et une d\u00e9l\u00e9gation du Fonds arabe de D\u00e9veloppement Economique et Social (FADES), actuellement en visite dans notre pays, pour pr\u00e9senter la nouvelle strat\u00e9gie du Fonds.<\/p>\n<p>Ont pris part \u00e0 la r\u00e9union les ministres de l\u2019Energie et du P\u00e9trole, M. Mohamed Ould Khaled, de l\u2019Equipement et des Transports M. Ely Ould El Veirik, de l\u2019Hydraulique et de l\u2019Assainissement, Mme Amal mint Maouloud, au c\u00f4t\u00e9 du secr\u00e9taire g\u00e9n\u00e9ral du minist\u00e8re de l\u2019Economie et des Finances, M. Yacoub Ahmed Aicha, du pr\u00e9sident de l\u2019Union du Patronat mauritanien, M. Zeine El Abidine Ould Cheikh Ahmed, et du directeur g\u00e9n\u00e9ral, pr\u00e9sident du Conseil d\u2019administration du Fonds arabe pour le D\u00e9veloppement Economique et Social, M. Bedr Mohamed Saad.<\/p>\n<p>La r\u00e9union fut l\u2019occasion pour le ministre de l\u2019Economie et des Finances de remercier la mission du Fonds Arabe pour le D\u00e9veloppement Economique et Social pour cette visite, qui a permis d\u2019examiner la nouvelle strat\u00e9gie du Fonds, qui pr\u00e9voit l\u2019int\u00e9gration du secteur priv\u00e9 dans les projets de financement financ\u00e9s par le Fonds.<\/p>\n<p>L\u2019Union patronale mauritanien et l\u2019Agence de promotion des investissements ont pass\u00e9 en revue les opportunit\u00e9s d\u2019investissement en Mauritanie avec leurs r\u00e9sultats dans le domaine de l\u2019agriculture, de l\u2019\u00e9l\u00e8ve, de la p\u00eache, de l\u2019industrie et du tourisme. Le FADES a, \u00e9galement, pr\u00e9sent\u00e9 la nouvelle strat\u00e9gie qui met l\u2019accent sur le d\u00e9veloppement d\u2019un partenariat impliquant le secteur priv\u00e9 pour soutenir des projets susceptibles de contribuer au d\u00e9veloppement de l\u2019\u00e9conomie nationale et assurer une meilleure viabilit\u00e9 financi\u00e8re en vue de cr\u00e9er de nouvelles opportunit\u00e9s d\u2019emploi.<\/p>\n<p>Notons que le FADES est l\u2019un des m\u00e9canismes les plus efficaces de coop\u00e9ration \u00e9conomique arabe, repr\u00e9sentant ainsi l\u2019int\u00e9gration \u00e9conomique arabe en consacrant ses ressources financi\u00e8res et son expertise technique au financement de projets d\u2019investissement publics et priv\u00e9s sous forme de pr\u00eats bonifi\u00e9s et de dons afin de soutenir et de promouvoir le d\u00e9veloppement \u00e9conomique et social des pays.<\/p>\n<p>MEF<\/p>\n","protected":false},"excerpt":{"rendered":"<p>Le minist\u00e8re de l\u2019Economie et des Finances a organis\u00e9, mardi \u00e0 Nouakchott, une r\u00e9union gouvernementale avec l\u2019Union du patronat mauritanien, les op\u00e9rateurs \u00e9conomiques nationaux et une d\u00e9l\u00e9gation du Fonds arabe de D\u00e9veloppement Economique et Social (FADES), actuellement en visite dans notre pays, pour pr\u00e9senter la nouvelle strat\u00e9gie du Fonds. Ont pris part \u00e0 la r\u00e9union &hellip;<\/p>\n","protected":false},"author":2,"featured_media":12631,"comment_status":"open","ping_status":"open","sticky":false,"template":"","format":"standard","meta":{"footnotes":""},"categories":[18,2],"tags":[],"class_list":["post-12630","post","type-post","status-publish","format-standard","has-post-thumbnail","hentry","category-actualites","category-economie"],"_links":{"self":[{"href":"https:\/\/ladepeche.mr\/index.php?rest_route=\/wp\/v2\/posts\/12630","targetHints":{"allow":["GET"]}}],"collection":[{"href":"https:\/\/ladepeche.mr\/index.php?rest_route=\/wp\/v2\/posts"}],"about":[{"href":"https:\/\/ladepeche.mr\/index.php?rest_route=\/wp\/v2\/types\/post"}],"author":[{"embeddable":true,"href":"https:\/\/ladepeche.mr\/index.php?rest_route=\/wp\/v2\/users\/2"}],"replies":[{"embeddable":true,"href":"https:\/\/ladepeche.mr\/index.php?rest_route=%2Fwp%2Fv2%2Fcomments&post=12630"}],"version-history":[{"count":1,"href":"https:\/\/ladepeche.mr\/index.php?rest_route=\/wp\/v2\/posts\/12630\/revisions"}],"predecessor-version":[{"id":12632,"href":"https:\/\/ladepeche.mr\/index.php?rest_route=\/wp\/v2\/posts\/12630\/revisions\/12632"}],"wp:featuredmedia":[{"embeddable":true,"href":"https:\/\/ladepeche.mr\/index.php?rest_route=\/wp\/v2\/media\/12631"}],"wp:attachment":[{"href":"https:\/\/ladepeche.mr\/index.php?rest_route=%2Fwp%2Fv2%2Fmedia&parent=12630"}],"wp:term":[{"taxonomy":"category","embeddable":true,"href":"https:\/\/ladepeche.mr\/index.php?rest_route=%2Fwp%2Fv2%2Fcategories&post=12630"},{"taxonomy":"post_tag","embeddable":true,"href":"https:\/\/ladepeche.mr\/index.php?rest_route=%2Fwp%2Fv2%2Ftags&post=12630"}],"curies":[{"name":"wp","href":"https:\/\/api.w.org\/{rel}","templated":true}]}}