{"id":12633,"date":"2024-11-28T16:00:59","date_gmt":"2024-11-28T16:00:59","guid":{"rendered":"https:\/\/ladepeche.mr\/?p=12633"},"modified":"2024-11-28T13:44:56","modified_gmt":"2024-11-28T13:44:56","slug":"france-plainte-pour-complicite-de-genocide-deposee-contre-des-franco-israeliens","status":"publish","type":"post","link":"https:\/\/ladepeche.mr\/?p=12633","title":{"rendered":"France : Plainte pour complicit\u00e9 de g\u00e9nocide d\u00e9pos\u00e9e contre des Franco-Isra\u00e9liens"},"content":{"rendered":"<h4>\u2013 Deux associations annoncent des poursuites visant des acteurs pr\u00e9sum\u00e9s du blocage de l\u2019aide humanitaire \u00e0 Gaza.<\/h4>\n<div class=\"row\">\n<p>EuroPalestine et l\u2019AJPO (Avocats pour la Justice au Proche-Orient) ont annonc\u00e9 mardi avoir d\u00e9pos\u00e9 une plainte avec constitution de partie civile pour complicit\u00e9 de g\u00e9nocide. Cette d\u00e9marche vise plusieurs personnes, dont l&#8217;avocate franco-isra\u00e9lienne Nili Naouri-Kupfer, pr\u00e9sum\u00e9es impliqu\u00e9es dans des actions entravant l\u2019aide humanitaire destin\u00e9e \u00e0 Gaza.<\/p>\n<p>Selon le communiqu\u00e9 des deux associations, Nili Naouri-Kupfer, responsable de l\u2019association fran\u00e7aise \u00ab Israel is Forever \u00bb, aurait orchestr\u00e9, en collaboration avec d\u2019autres acteurs, le blocage de camions transportant des biens humanitaires pour la population de Gaza. Cette action, qualifi\u00e9e de pr\u00e9m\u00e9dit\u00e9e et r\u00e9alis\u00e9e \u00ab sous l\u2019\u0153il bienveillant de l\u2019arm\u00e9e isra\u00e9lienne \u00bb, aurait \u00e9t\u00e9 document\u00e9e par des vid\u00e9os dans lesquelles elle revendique ces actes. Les associations soulignent que ces blocages s\u2019inscrivent dans une dynamique o\u00f9 les Palestiniens sont syst\u00e9matiquement d\u00e9sign\u00e9s comme des cibles \u00e0 \u00e9liminer.<\/p>\n<p>Ce d\u00e9p\u00f4t de plainte intervient dans un contexte de renforcement de la pression judiciaire internationale sur les autorit\u00e9s isra\u00e9liennes. Les associations rappellent que des mandats d\u2019arr\u00eat internationaux ont r\u00e9cemment \u00e9t\u00e9 \u00e9mis par la Cour p\u00e9nale internationale (CPI) contre le Premier ministre isra\u00e9lien Benyamin Netanyahu et son ancien ministre de la D\u00e9fense Yoav Gallant pour leurs responsabilit\u00e9s dans les crimes de guerre et crimes contre l&#8217;humanit\u00e9 commis dans la Bande de Gaza. Les associations EuroPalestine et l\u2019AJPO insistent sur la n\u00e9cessit\u00e9 de poursuivre \u00e9galement leurs complices, qu\u2019ils soient isra\u00e9liens ou de nationalit\u00e9 \u00e9trang\u00e8re, notamment fran\u00e7aise.<\/p>\n<p><strong>&#8211; Situation humanitaire au Liban et \u00e0 Gaza<\/strong><\/p>\n<p>Le conflit entre Isra\u00ebl et le Hamas, d\u00e9clench\u00e9 le 7 octobre 2023 par une attaque du mouvement palestinien, a entra\u00een\u00e9 une d\u00e9claration de guerre isra\u00e9lienne contre les Palestiniens dans la bande de Gaza.<\/p>\n<p>Cette riposte, marqu\u00e9e par des frappes a\u00e9riennes et une invasion terrestre, a caus\u00e9 un bilan humain catastrophique : plus de 45 000 morts, dont une majorit\u00e9 d&#8217;enfants et de femmes, ainsi que plus de 104 000 bless\u00e9s. Les destructions massives ont laiss\u00e9 des centaines de milliers de personnes sans abri.<\/p>\n<p>En parall\u00e8le, l&#8217;Afrique du Sud a d\u00e9pos\u00e9 une plainte contre Isra\u00ebl devant la Cour internationale de Justice (CIJ) pour des accusations de g\u00e9nocide \u00e0 Gaza.<\/p>\n<p>Pour rappel, le Pr\u00e9sident am\u00e9ricain Joe Biden et le Pr\u00e9sident fran\u00e7ais Emmanuel Macron ont d\u00e9clar\u00e9 mardi qu\u2019Isra\u00ebl et le Liban avaient accept\u00e9 un cessez-le-feu, fruit de plusieurs semaines de n\u00e9gociations diplomatiques intensives.<\/p>\n<p>Isra\u00ebl m\u00e8ne depuis fin septembre une vaste campagne de frappes a\u00e9riennes au Liban contre ce qu&#8217;il affirme \u00eatre des cibles du Hezbollah. Cette campagne marque une escalade dans la guerre transfrontali\u00e8re que se livrent les Isra\u00e9liens et le groupe libanais depuis le d\u00e9but de l&#8217;offensive sur la Bande de Gaza. Le 1\u1d49\u02b3 octobre dernier, Isra\u00ebl a lanc\u00e9 une attaque au sol dans le sud du Liban.<\/p>\n<p>Les attaques isra\u00e9liennes ont forc\u00e9 plus d&#8217;un million de Libanais \u00e0 fuir leurs foyers et ont tu\u00e9 3 823 personnes, en blessant 15 859 autres, selon le dernier bilan communiqu\u00e9 par le minist\u00e8re libanais de la Sant\u00e9.<\/p>\n<p>aa.com.tr<\/p>\n<\/div>\n","protected":false},"excerpt":{"rendered":"<p>\u2013 Deux associations annoncent des poursuites visant des acteurs pr\u00e9sum\u00e9s du blocage de l\u2019aide humanitaire \u00e0 Gaza. EuroPalestine et l\u2019AJPO (Avocats pour la Justice au Proche-Orient) ont annonc\u00e9 mardi avoir d\u00e9pos\u00e9 une plainte avec constitution de partie civile pour complicit\u00e9 de g\u00e9nocide. Cette d\u00e9marche vise plusieurs personnes, dont l&#8217;avocate franco-isra\u00e9lienne Nili Naouri-Kupfer, pr\u00e9sum\u00e9es impliqu\u00e9es dans &hellip;<\/p>\n","protected":false},"author":2,"featured_media":12634,"comment_status":"open","ping_status":"open","sticky":false,"template":"","format":"standard","meta":{"footnotes":""},"categories":[18,29],"tags":[],"class_list":["post-12633","post","type-post","status-publish","format-standard","has-post-thumbnail","hentry","category-actualites","category-monde"],"_links":{"self":[{"href":"https:\/\/ladepeche.mr\/index.php?rest_route=\/wp\/v2\/posts\/12633","targetHints":{"allow":["GET"]}}],"collection":[{"href":"https:\/\/ladepeche.mr\/index.php?rest_route=\/wp\/v2\/posts"}],"about":[{"href":"https:\/\/ladepeche.mr\/index.php?rest_route=\/wp\/v2\/types\/post"}],"author":[{"embeddable":true,"href":"https:\/\/ladepeche.mr\/index.php?rest_route=\/wp\/v2\/users\/2"}],"replies":[{"embeddable":true,"href":"https:\/\/ladepeche.mr\/index.php?rest_route=%2Fwp%2Fv2%2Fcomments&post=12633"}],"version-history":[{"count":1,"href":"https:\/\/ladepeche.mr\/index.php?rest_route=\/wp\/v2\/posts\/12633\/revisions"}],"predecessor-version":[{"id":12635,"href":"https:\/\/ladepeche.mr\/index.php?rest_route=\/wp\/v2\/posts\/12633\/revisions\/12635"}],"wp:featuredmedia":[{"embeddable":true,"href":"https:\/\/ladepeche.mr\/index.php?rest_route=\/wp\/v2\/media\/12634"}],"wp:attachment":[{"href":"https:\/\/ladepeche.mr\/index.php?rest_route=%2Fwp%2Fv2%2Fmedia&parent=12633"}],"wp:term":[{"taxonomy":"category","embeddable":true,"href":"https:\/\/ladepeche.mr\/index.php?rest_route=%2Fwp%2Fv2%2Fcategories&post=12633"},{"taxonomy":"post_tag","embeddable":true,"href":"https:\/\/ladepeche.mr\/index.php?rest_route=%2Fwp%2Fv2%2Ftags&post=12633"}],"curies":[{"name":"wp","href":"https:\/\/api.w.org\/{rel}","templated":true}]}}