{"id":12642,"date":"2024-11-29T11:00:35","date_gmt":"2024-11-29T11:00:35","guid":{"rendered":"https:\/\/ladepeche.mr\/?p=12642"},"modified":"2024-11-29T10:02:17","modified_gmt":"2024-11-29T10:02:17","slug":"le-president-de-la-republique-decore-des-personnalites-dans-les-domaines-de-la-culture-des-medias-et-des-arts","status":"publish","type":"post","link":"https:\/\/ladepeche.mr\/?p=12642","title":{"rendered":"Le Pr\u00e9sident de la R\u00e9publique d\u00e9core des personnalit\u00e9s dans les domaines de la culture, des m\u00e9dias et des arts"},"content":{"rendered":"<p>Le Pr\u00e9sident de la R\u00e9publique, Monsieur Mohamed Ould Cheikh El Ghazouani, a d\u00e9cor\u00e9, jeudi, \u00e0 l\u2019occasion du 64\u00e8me anniversaire de l\u2019Ind\u00e9pendance Nationale, des personnalit\u00e9s r\u00e9f\u00e9rences dans les domaines des m\u00e9dias, de la culture et des arts.<\/p>\n<p>C\u2019est ainsi qu\u2019il a d\u00e9cor\u00e9 M. Mohamed Mahmoud Ould Wedadi en tant que journaliste de la premi\u00e8re g\u00e9n\u00e9ration de journalistes mauritaniens, qui a contribu\u00e9 \u00e0 la fonbdationde la presse nationale, en tant que domaine d\u2019activit\u00e9.<\/p>\n<p>Il a contribu\u00e9 \u00e0 la mise en place des m\u00e9dias nationaux, en tant que journaliste de terrain, directeur de radio et ministre de l\u2019information.<\/p>\n<p>Ould Weddaadi a pr\u00e9sid\u00e9 le Comit\u00e9 national qui a \u00e9t\u00e9 charg\u00e9 par le Pr\u00e9sident de la R\u00e9publique, Son Excellence Monsieur Mohamed Ould Cheikh El Ghazouani de la r\u00e9forme du secteur de l\u2019information en vertu d\u2019un d\u00e9cret en 2020.<\/p>\n<p>Il a ensuite d\u00e9cor\u00e9 Le po\u00e8te de la Mauritanie, M. Ahmedou Ould Abdelkader.<\/p>\n<p>Il est l\u2019un des pionniers de la po\u00e9sie mauritanienne moderne et de l\u2019\u00e9criture litt\u00e9raire contemporaine.<\/p>\n<p>Le po\u00e8te Ahmedou Ould Abdelkader, outre son r\u00f4le culturel et militant dans la vie publique, a occup\u00e9 de hautes fonctions au sein de l\u2019\u00c9tat mauritanien.<\/p>\n<p>Pr\u00e9sident de la Cour Supr\u00eame et Conseiller \u00e0 la Pr\u00e9sidence de la R\u00e9publique.<\/p>\n<p>Le Pr\u00e9sident de la R\u00e9publique a \u00e9galement d\u00e9cor\u00e9 Sid Ahmed Ould Ahmed Zeidane, l\u2019un des plus grands sp\u00e9cialistes mauritaniens de la musique, du chant et de l\u2019art musical.<\/p>\n<p>Ould Ahmed Zidane est l\u2019un des tr\u00e9sors du patrimoine mauritanien.<\/p>\n<p>Ll est connu pour son talent unique dans le domaine de l\u2019interpr\u00e9tation musicale et de la production de nouvelles compositions.<\/p>\n<p>Il est connu pour son talent unique dans le domaine de l\u2019interpr\u00e9tation musicale et de la production de nouvelles compositions.<\/p>\n<p>Ami<\/p>\n","protected":false},"excerpt":{"rendered":"<p>Le Pr\u00e9sident de la R\u00e9publique, Monsieur Mohamed Ould Cheikh El Ghazouani, a d\u00e9cor\u00e9, jeudi, \u00e0 l\u2019occasion du 64\u00e8me anniversaire de l\u2019Ind\u00e9pendance Nationale, des personnalit\u00e9s r\u00e9f\u00e9rences dans les domaines des m\u00e9dias, de la culture et des arts. C\u2019est ainsi qu\u2019il a d\u00e9cor\u00e9 M. Mohamed Mahmoud Ould Wedadi en tant que journaliste de la premi\u00e8re g\u00e9n\u00e9ration de &hellip;<\/p>\n","protected":false},"author":2,"featured_media":12643,"comment_status":"open","ping_status":"open","sticky":false,"template":"","format":"standard","meta":{"footnotes":""},"categories":[18],"tags":[],"class_list":["post-12642","post","type-post","status-publish","format-standard","has-post-thumbnail","hentry","category-actualites"],"_links":{"self":[{"href":"https:\/\/ladepeche.mr\/index.php?rest_route=\/wp\/v2\/posts\/12642","targetHints":{"allow":["GET"]}}],"collection":[{"href":"https:\/\/ladepeche.mr\/index.php?rest_route=\/wp\/v2\/posts"}],"about":[{"href":"https:\/\/ladepeche.mr\/index.php?rest_route=\/wp\/v2\/types\/post"}],"author":[{"embeddable":true,"href":"https:\/\/ladepeche.mr\/index.php?rest_route=\/wp\/v2\/users\/2"}],"replies":[{"embeddable":true,"href":"https:\/\/ladepeche.mr\/index.php?rest_route=%2Fwp%2Fv2%2Fcomments&post=12642"}],"version-history":[{"count":1,"href":"https:\/\/ladepeche.mr\/index.php?rest_route=\/wp\/v2\/posts\/12642\/revisions"}],"predecessor-version":[{"id":12644,"href":"https:\/\/ladepeche.mr\/index.php?rest_route=\/wp\/v2\/posts\/12642\/revisions\/12644"}],"wp:featuredmedia":[{"embeddable":true,"href":"https:\/\/ladepeche.mr\/index.php?rest_route=\/wp\/v2\/media\/12643"}],"wp:attachment":[{"href":"https:\/\/ladepeche.mr\/index.php?rest_route=%2Fwp%2Fv2%2Fmedia&parent=12642"}],"wp:term":[{"taxonomy":"category","embeddable":true,"href":"https:\/\/ladepeche.mr\/index.php?rest_route=%2Fwp%2Fv2%2Fcategories&post=12642"},{"taxonomy":"post_tag","embeddable":true,"href":"https:\/\/ladepeche.mr\/index.php?rest_route=%2Fwp%2Fv2%2Ftags&post=12642"}],"curies":[{"name":"wp","href":"https:\/\/api.w.org\/{rel}","templated":true}]}}