{"id":12645,"date":"2024-11-29T11:30:26","date_gmt":"2024-11-29T11:30:26","guid":{"rendered":"https:\/\/ladepeche.mr\/?p=12645"},"modified":"2024-11-29T10:43:37","modified_gmt":"2024-11-29T10:43:37","slug":"le-tchad-rompt-ses-accords-de-cooperation-de-defense-avec-la-france","status":"publish","type":"post","link":"https:\/\/ladepeche.mr\/?p=12645","title":{"rendered":"Le Tchad rompt ses accords de coop\u00e9ration de d\u00e9fense avec la France"},"content":{"rendered":"<div class=\"c-chapo \">L&#8217;annonce est survenue quelques heures apr\u00e8s une visite du chef de la diplomatie fran\u00e7aise Jean-No\u00ebl Barrot.<\/div>\n<div class=\"signature \">\n<div class=\"signature__images\"><em>&#8220;La d\u00e9cision, prise apr\u00e8s une analyse approfondie, marque un tournant historique.&#8221;\u00a0<\/em>Le Tchad met fin aux accords de coop\u00e9ration de s\u00e9curit\u00e9 et de d\u00e9fense avec la France, a annonc\u00e9 le ministre des Affaires \u00e9trang\u00e8res tchadien dans la soir\u00e9e du jeudi 28 novembre, quelques heures apr\u00e8s la visite de son homologue Jean-No\u00ebl Barrot. Le chef de la diplomatie fran\u00e7aise \u00e9tait au Tchad pour se rendre dans des camps de r\u00e9fugi\u00e9s soudanais et prendre la mesure de la crise humanitaire provoqu\u00e9e par la guerre au Soudan.<\/div>\n<div>\n<p><em>&#8220;Le gouvernement de la R\u00e9publique du Tchad informe l&#8217;opinion nationale et internationale de sa d\u00e9cision de mettre fin \u00e0 l&#8217;accord de coop\u00e9ration en mati\u00e8re de d\u00e9fense sign\u00e9 avec la R\u00e9publique fran\u00e7aise&#8221;<\/em>, a d\u00e9clar\u00e9 Abderaman Koulamallah dans un communiqu\u00e9 publi\u00e9 sur la page Facebook du minist\u00e8re.<\/p>\n<h2 class=\"subheader\">&#8220;Il est temps pour le Tchad d&#8217;affirmer sa souverainet\u00e9&#8221;<\/h2>\n<p><em>&#8220;Ce n&#8217;est pas une rupture avec la France comme le Niger ou ailleurs&#8221;,<\/em>\u00a0a n\u00e9anmoins assur\u00e9 le ministre tchadien \u00e0 l&#8217;AFP.\u00a0<em>&#8220;En effet, apr\u00e8s 66 ans de la proclamation de la R\u00e9publique du Tchad, il est temps pour le Tchad d&#8217;affirmer sa souverainet\u00e9 pleine et enti\u00e8re, et de red\u00e9finir ses partenariats strat\u00e9giques selon les priorit\u00e9s nationales&#8221;,<\/em>\u00a0a-t-il expliqu\u00e9 dans le communiqu\u00e9.<\/p>\n<p>Le Tchad est un maillon cl\u00e9 de la pr\u00e9sence militaire fran\u00e7aise en Afrique, constituant le dernier point d&#8217;ancrage de Paris au Sahel apr\u00e8s les retraits forc\u00e9s de ses troupes au Mali, au Burkina Faso et au Niger. Le ministre des Affaires \u00e9trang\u00e8res Jean-No\u00ebl Barrot n&#8217;a pas r\u00e9agi pour l&#8217;instant \u00e0 cette information, pas plus que le minist\u00e8re des Arm\u00e9es, \u00e9galement sollicit\u00e9 par l&#8217;AFP.<\/p>\n<p>https:\/\/www.francetvinfo.fr\/monde\/afrique\/tchad\/le-tchad-rompt-ses-accords-de-cooperation-de-defense-avec-la-france_6926363.html<\/p>\n<\/div>\n<\/div>\n","protected":false},"excerpt":{"rendered":"<p>L&#8217;annonce est survenue quelques heures apr\u00e8s une visite du chef de la diplomatie fran\u00e7aise Jean-No\u00ebl Barrot. &#8220;La d\u00e9cision, prise apr\u00e8s une analyse approfondie, marque un tournant historique.&#8221;\u00a0Le Tchad met fin aux accords de coop\u00e9ration de s\u00e9curit\u00e9 et de d\u00e9fense avec la France, a annonc\u00e9 le ministre des Affaires \u00e9trang\u00e8res tchadien dans la soir\u00e9e du jeudi &hellip;<\/p>\n","protected":false},"author":2,"featured_media":12646,"comment_status":"open","ping_status":"open","sticky":false,"template":"","format":"standard","meta":{"footnotes":""},"categories":[18,29],"tags":[],"class_list":["post-12645","post","type-post","status-publish","format-standard","has-post-thumbnail","hentry","category-actualites","category-monde"],"_links":{"self":[{"href":"https:\/\/ladepeche.mr\/index.php?rest_route=\/wp\/v2\/posts\/12645","targetHints":{"allow":["GET"]}}],"collection":[{"href":"https:\/\/ladepeche.mr\/index.php?rest_route=\/wp\/v2\/posts"}],"about":[{"href":"https:\/\/ladepeche.mr\/index.php?rest_route=\/wp\/v2\/types\/post"}],"author":[{"embeddable":true,"href":"https:\/\/ladepeche.mr\/index.php?rest_route=\/wp\/v2\/users\/2"}],"replies":[{"embeddable":true,"href":"https:\/\/ladepeche.mr\/index.php?rest_route=%2Fwp%2Fv2%2Fcomments&post=12645"}],"version-history":[{"count":1,"href":"https:\/\/ladepeche.mr\/index.php?rest_route=\/wp\/v2\/posts\/12645\/revisions"}],"predecessor-version":[{"id":12647,"href":"https:\/\/ladepeche.mr\/index.php?rest_route=\/wp\/v2\/posts\/12645\/revisions\/12647"}],"wp:featuredmedia":[{"embeddable":true,"href":"https:\/\/ladepeche.mr\/index.php?rest_route=\/wp\/v2\/media\/12646"}],"wp:attachment":[{"href":"https:\/\/ladepeche.mr\/index.php?rest_route=%2Fwp%2Fv2%2Fmedia&parent=12645"}],"wp:term":[{"taxonomy":"category","embeddable":true,"href":"https:\/\/ladepeche.mr\/index.php?rest_route=%2Fwp%2Fv2%2Fcategories&post=12645"},{"taxonomy":"post_tag","embeddable":true,"href":"https:\/\/ladepeche.mr\/index.php?rest_route=%2Fwp%2Fv2%2Ftags&post=12645"}],"curies":[{"name":"wp","href":"https:\/\/api.w.org\/{rel}","templated":true}]}}