{"id":12662,"date":"2024-11-29T14:00:18","date_gmt":"2024-11-29T14:00:18","guid":{"rendered":"https:\/\/ladepeche.mr\/?p=12662"},"modified":"2024-11-29T11:08:32","modified_gmt":"2024-11-29T11:08:32","slug":"des-villes-libanaises-bombardees-par-larmee-israelienne-au-deuxieme-jour-du-cessez-le-feu","status":"publish","type":"post","link":"https:\/\/ladepeche.mr\/?p=12662","title":{"rendered":"Des villes libanaises bombard\u00e9es par l&#8217;arm\u00e9e isra\u00e9lienne au deuxi\u00e8me jour du cessez-le-feu"},"content":{"rendered":"<h4>&#8211; 2 personnes ont \u00e9t\u00e9 bless\u00e9es dans une attaque isra\u00e9lienne contre une voiture dans la ville de Markaba, dans le sud du Liban, selon un m\u00e9dia libanais<\/h4>\n<div class=\"row\">\n<p>L&#8217;arm\u00e9e isra\u00e9lienne a bombard\u00e9 plusieurs villes du sud du Liban t\u00f4t jeudi, alors que le cessez-le-feu entre les deux parties est entr\u00e9 dans sa deuxi\u00e8me journ\u00e9e, selon un m\u00e9dia local.<\/p>\n<p>L&#8217;agence nationale de l&#8217;information du Liban (ANI) a rapport\u00e9 des tirs d&#8217;artillerie dans les villes d&#8217;Ayta al-Shaab et de Bent Jbeil, dans le sud du Liban.<\/p>\n<p>Une frappe a\u00e9rienne a \u00e9galement vis\u00e9 une voiture dans la ville de Markaba, faisant deux bless\u00e9s, a indiqu\u00e9 l&#8217;agence de presse.<\/p>\n<p>La m\u00eame source a indiqu\u00e9 que des chars isra\u00e9liens avaient tir\u00e9 des obus sur la ville de Wazzani et \u00e0 la p\u00e9riph\u00e9rie de Kfarshouba, dans le sud du Liban.<\/p>\n<p>Jeudi matin, des avions de reconnaissance isra\u00e9liens ont \u00e9galement survol\u00e9 les districts de Tyr et de Bent Jbeil.<\/p>\n<p>L&#8217;arm\u00e9e isra\u00e9lienne a interdit aux civils libanais l&#8217;acc\u00e8s \u00e0 dix villages du Sud-Liban jusqu&#8217;\u00e0 nouvel ordre, avertissant que quiconque \u00ab franchit la ligne de d\u00e9marcation s&#8217;expose au danger \u00bb.<\/p>\n<p>L&#8217;accord de cessez-le-feu entre Isra\u00ebl et le Liban est entr\u00e9 en vigueur t\u00f4t mercredi, mettant fin \u00e0 plus de 14 mois d&#8217;affrontements entre l&#8217;arm\u00e9e isra\u00e9lienne et le Hezbollah.<\/p>\n<p>Selon les termes de l\u2019accord, Isra\u00ebl retirera progressivement ses forces au sud de la Ligne bleue, tandis que l&#8217;arm\u00e9e libanaise d\u00e9ploiera ses forces dans le sud du Liban et ce, dans un d\u00e9lai qui n&#8217;exc\u00e9dera pas 60 jours.<\/p>\n<p>La mise en \u0153uvre de l&#8217;accord sera supervis\u00e9e par les \u00c9tats-Unis et la France. Les d\u00e9tails concernant les m\u00e9canismes d&#8217;application restent cependant flous.<\/p>\n<p>Selon les autorit\u00e9s sanitaires libanaises, plus de 3 800 personnes ont \u00e9t\u00e9 tu\u00e9es lors d&#8217;attaques isra\u00e9liennes au Liban, depuis le mois d&#8217;octobre de l&#8217;ann\u00e9e derni\u00e8re, tandis que plus d&#8217;un million ont \u00e9t\u00e9 contraintes de quitter leurs foyers.<\/p>\n<p>aa.com.tr<\/p>\n<\/div>\n","protected":false},"excerpt":{"rendered":"<p>&#8211; 2 personnes ont \u00e9t\u00e9 bless\u00e9es dans une attaque isra\u00e9lienne contre une voiture dans la ville de Markaba, dans le sud du Liban, selon un m\u00e9dia libanais L&#8217;arm\u00e9e isra\u00e9lienne a bombard\u00e9 plusieurs villes du sud du Liban t\u00f4t jeudi, alors que le cessez-le-feu entre les deux parties est entr\u00e9 dans sa deuxi\u00e8me journ\u00e9e, selon un &hellip;<\/p>\n","protected":false},"author":2,"featured_media":12663,"comment_status":"open","ping_status":"open","sticky":false,"template":"","format":"standard","meta":{"footnotes":""},"categories":[18,29],"tags":[],"class_list":["post-12662","post","type-post","status-publish","format-standard","has-post-thumbnail","hentry","category-actualites","category-monde"],"_links":{"self":[{"href":"https:\/\/ladepeche.mr\/index.php?rest_route=\/wp\/v2\/posts\/12662","targetHints":{"allow":["GET"]}}],"collection":[{"href":"https:\/\/ladepeche.mr\/index.php?rest_route=\/wp\/v2\/posts"}],"about":[{"href":"https:\/\/ladepeche.mr\/index.php?rest_route=\/wp\/v2\/types\/post"}],"author":[{"embeddable":true,"href":"https:\/\/ladepeche.mr\/index.php?rest_route=\/wp\/v2\/users\/2"}],"replies":[{"embeddable":true,"href":"https:\/\/ladepeche.mr\/index.php?rest_route=%2Fwp%2Fv2%2Fcomments&post=12662"}],"version-history":[{"count":1,"href":"https:\/\/ladepeche.mr\/index.php?rest_route=\/wp\/v2\/posts\/12662\/revisions"}],"predecessor-version":[{"id":12664,"href":"https:\/\/ladepeche.mr\/index.php?rest_route=\/wp\/v2\/posts\/12662\/revisions\/12664"}],"wp:featuredmedia":[{"embeddable":true,"href":"https:\/\/ladepeche.mr\/index.php?rest_route=\/wp\/v2\/media\/12663"}],"wp:attachment":[{"href":"https:\/\/ladepeche.mr\/index.php?rest_route=%2Fwp%2Fv2%2Fmedia&parent=12662"}],"wp:term":[{"taxonomy":"category","embeddable":true,"href":"https:\/\/ladepeche.mr\/index.php?rest_route=%2Fwp%2Fv2%2Fcategories&post=12662"},{"taxonomy":"post_tag","embeddable":true,"href":"https:\/\/ladepeche.mr\/index.php?rest_route=%2Fwp%2Fv2%2Ftags&post=12662"}],"curies":[{"name":"wp","href":"https:\/\/api.w.org\/{rel}","templated":true}]}}