{"id":12668,"date":"2024-11-30T21:38:38","date_gmt":"2024-11-30T21:38:38","guid":{"rendered":"https:\/\/ladepeche.mr\/?p=12668"},"modified":"2024-11-30T21:38:38","modified_gmt":"2024-11-30T21:38:38","slug":"liban-les-violations-israeliennes-de-laccord-de-cessez-le-feu-fragilisent-davantage-la-treve","status":"publish","type":"post","link":"https:\/\/ladepeche.mr\/?p=12668","title":{"rendered":"Liban: les violations isra\u00e9liennes de l&#8217;accord de cessez-le-feu fragilisent davantage la tr\u00eave"},"content":{"rendered":"<p class=\"t-content__chapo\">L&#8217;arm\u00e9e isra\u00e9lienne a annonc\u00e9 avoir attaqu\u00e9 des infrastructures militaires du Hezbollah pr\u00e8s de points de passages frontaliers entre la Syrie et le Liban, qui \u00e9taient, selon elle, \u00ab\u00a0<em>activement utilis\u00e9es<\/em>\u00a0\u00bb par le parti chiite pour \u00ab<em>\u00a0transf\u00e9rer des armes<\/em>\u00a0\u00bb. Ce raid illustre la fragilit\u00e9 du cessez-le-feu conclu entre le Liban et Isra\u00ebl le 27 novembre apr\u00e8s deux mois de guerre ouverte, qui a fait 3\u00a0900 morts et pr\u00e8s de 17\u00a0000 bless\u00e9s au pays du c\u00e8dre.<\/p>\n<div class=\"t-content__dates t-content__dates--reading-time\">\n<p>Les\u00a0<strong><a href=\"https:\/\/www.rfi.fr\/fr\/podcasts\/accents-du-monde\/20241129-liban-accord-de-cessez-le-feu-fragile-entre-isra%C3%ABl-et-le-hezbollah\" target=\"_self\">violations isra\u00e9liennes de l\u2019accord<\/a><\/strong>\u00a0de cessez-le-feu se multiplient au\u00a0<strong><a href=\"https:\/\/www.rfi.fr\/fr\/tag\/liban\/\" target=\"_self\">Liban<\/a><\/strong>, freinant le retour des d\u00e9plac\u00e9s et entravant le d\u00e9ploiement de l\u2019arm\u00e9e libanaise, souligne notre correspondant \u00e0 Beyrouth,\u00a0<strong>Paul Khalifeh<\/strong>. Un drone isra\u00e9lien a pris pour cible, ce samedi matin, une voiture dans la r\u00e9gion de Tyr, et quatre obus se sont abattus sur la localit\u00e9 de Khiam, dans le secteur oriental de la fronti\u00e8re.<\/p>\n<p>Trois personnes, dont un enfant de sept ans, ont ainsi \u00e9t\u00e9 bless\u00e9es dans une frappe\u00a0isra\u00e9lienne contre un v\u00e9hicule \u00e0 Majdal Zoun, dans le sud du pays, a indiqu\u00e9 le minist\u00e8re de la Sant\u00e9 libanais dans un communiqu\u00e9 ce samedi. L&#8217;arm\u00e9e de l&#8217;air isra\u00e9lienne a \u00e9galement men\u00e9 un raid sur \u00ab\u00a0<em>des sites d&#8217;infrastructure militaire pr\u00e8s de points de passage entre la Syrie et le Liban, utilis\u00e9s par\u00a0<strong><a href=\"https:\/\/www.rfi.fr\/fr\/moyen-orient\/20241128-liban-vainqueur-ou-vaincu-le-hezbollah-n-est-pas-au-bout-de-ses-peines\" target=\"_self\">le Hezbollah<\/a><\/strong>\u00a0pour faire passer clandestinement des armes de Syrie au Liban<\/em>\u00a0\u00bb, apr\u00e8s l&#8217;entr\u00e9e en vigueur de l&#8217;accord de cessez-le-feu mercredi, selon un communiqu\u00e9 militaire.<\/p>\n<p>Dans la nuit de vendredi \u00e0 samedi 30 novembre, l\u2019arm\u00e9e isra\u00e9lienne a lanc\u00e9 des fus\u00e9es \u00e9clairantes et tir\u00e9 des rafales de mitrailleuses contre plusieurs localit\u00e9s, alors que le survol du territoire libanais par des drones se poursuit.<\/p>\n<h2>L&#8217;interpr\u00e9tation isra\u00e9lienne de l&#8217;accord de\u00a0cessez-le-feu mise en cause<\/h2>\n<p>Des sources politiques et militaires libanaises expliquent la multiplication des violations par la volont\u00e9\u00a0<strong><a href=\"https:\/\/www.rfi.fr\/fr\/tag\/isra%C3%ABl\/\" target=\"_self\">d\u2019Isra\u00ebl<\/a><\/strong>\u00a0d\u2019imposer son interpr\u00e9tation de l\u2019accord de cessez-le-feu, apr\u00e8s plus d&#8217;un an d&#8217;hostilit\u00e9s transfrontali\u00e8res et deux mois de guerre ouverte entre l&#8217;arm\u00e9e isra\u00e9lienne et le mouvement arm\u00e9 libanais soutenu par l&#8217;Iran.<\/p>\n<p>Parrain\u00e9 par les \u00c9tats-Unis et la\u00a0<a href=\"https:\/\/www.rfi.fr\/fr\/france\/20241127-tr%C3%AAve-au-liban-quel-r%C3%B4le-la-france-a-t-elle-jou%C3%A9\" target=\"_self\"><strong>France<\/strong><\/a>, l&#8217;accord pr\u00e9voit le retrait dans un d\u00e9lai de soixante jours de l&#8217;arm\u00e9e isra\u00e9lienne du sud du Liban, tandis que le\u00a0Hezbollah doit se replier jusqu&#8217;au nord du fleuve Litani, \u00e0 environ 30 kilom\u00e8tres de la fronti\u00e8re isra\u00e9lo-libanaise, et d\u00e9manteler son infrastructure militaire dans le sud du pays.<\/p>\n<p>L&#8217;accord de\u00a0cessez-le-feu n&#8217;accorde pas \u00e0 l&#8217;\u00c9tat h\u00e9breu une libert\u00e9 d\u2019action sur le territoire libanais, mais Isra\u00ebl soutient que ce droit figure dans une annexe qui fait office de garanties, sign\u00e9e avec les \u00c9tats-Unis. Or, le Liban n\u2019est pas signataire de cette annexe et ne s\u2019estime par concern\u00e9 par son contenu qui constitue, selon lui, une violation de sa souverainet\u00e9 nationale.<\/p>\n<p>Le chef de l\u2019arm\u00e9e, Joseph Aoun,\u00a0<strong><a href=\"https:\/\/www.rfi.fr\/fr\/moyen-orient\/20241129-liban-le-hezbollah-se-dit-pr%C3%AAt-%C3%A0-coop%C3%A9rer-avec-l-arm%C3%A9e-pour-garantir-la-tr%C3%AAve\" target=\"_self\">a exprim\u00e9 ses craintes<\/a><\/strong>\u00a0de la poursuite des violations isra\u00e9liennes au g\u00e9n\u00e9ral am\u00e9ricain cens\u00e9 diriger le comit\u00e9 de supervision de l\u2019application de l\u2019accord de cessez-le-feu. L\u2019officier, arriv\u00e9 vendredi \u00e0 Beyrouth, a promis de soulever la question avec la partie isra\u00e9lienne.<\/p>\n<p>Rfi<\/p>\n<\/div>\n","protected":false},"excerpt":{"rendered":"<p>L&#8217;arm\u00e9e isra\u00e9lienne a annonc\u00e9 avoir attaqu\u00e9 des infrastructures militaires du Hezbollah pr\u00e8s de points de passages frontaliers entre la Syrie et le Liban, qui \u00e9taient, selon elle, \u00ab\u00a0activement utilis\u00e9es\u00a0\u00bb par le parti chiite pour \u00ab\u00a0transf\u00e9rer des armes\u00a0\u00bb. Ce raid illustre la fragilit\u00e9 du cessez-le-feu conclu entre le Liban et Isra\u00ebl le 27 novembre apr\u00e8s deux &hellip;<\/p>\n","protected":false},"author":2,"featured_media":12669,"comment_status":"open","ping_status":"open","sticky":false,"template":"","format":"standard","meta":{"footnotes":""},"categories":[18,29],"tags":[],"class_list":["post-12668","post","type-post","status-publish","format-standard","has-post-thumbnail","hentry","category-actualites","category-monde"],"_links":{"self":[{"href":"https:\/\/ladepeche.mr\/index.php?rest_route=\/wp\/v2\/posts\/12668","targetHints":{"allow":["GET"]}}],"collection":[{"href":"https:\/\/ladepeche.mr\/index.php?rest_route=\/wp\/v2\/posts"}],"about":[{"href":"https:\/\/ladepeche.mr\/index.php?rest_route=\/wp\/v2\/types\/post"}],"author":[{"embeddable":true,"href":"https:\/\/ladepeche.mr\/index.php?rest_route=\/wp\/v2\/users\/2"}],"replies":[{"embeddable":true,"href":"https:\/\/ladepeche.mr\/index.php?rest_route=%2Fwp%2Fv2%2Fcomments&post=12668"}],"version-history":[{"count":1,"href":"https:\/\/ladepeche.mr\/index.php?rest_route=\/wp\/v2\/posts\/12668\/revisions"}],"predecessor-version":[{"id":12670,"href":"https:\/\/ladepeche.mr\/index.php?rest_route=\/wp\/v2\/posts\/12668\/revisions\/12670"}],"wp:featuredmedia":[{"embeddable":true,"href":"https:\/\/ladepeche.mr\/index.php?rest_route=\/wp\/v2\/media\/12669"}],"wp:attachment":[{"href":"https:\/\/ladepeche.mr\/index.php?rest_route=%2Fwp%2Fv2%2Fmedia&parent=12668"}],"wp:term":[{"taxonomy":"category","embeddable":true,"href":"https:\/\/ladepeche.mr\/index.php?rest_route=%2Fwp%2Fv2%2Fcategories&post=12668"},{"taxonomy":"post_tag","embeddable":true,"href":"https:\/\/ladepeche.mr\/index.php?rest_route=%2Fwp%2Fv2%2Ftags&post=12668"}],"curies":[{"name":"wp","href":"https:\/\/api.w.org\/{rel}","templated":true}]}}