{"id":12671,"date":"2024-11-30T22:30:11","date_gmt":"2024-11-30T22:30:11","guid":{"rendered":"https:\/\/ladepeche.mr\/?p=12671"},"modified":"2024-11-30T21:43:14","modified_gmt":"2024-11-30T21:43:14","slug":"senegal-la-fin-annoncee-de-la-presence-militaire-francaise-souleve-des-interrogations","status":"publish","type":"post","link":"https:\/\/ladepeche.mr\/?p=12671","title":{"rendered":"S\u00e9n\u00e9gal: la fin annonc\u00e9e de la pr\u00e9sence militaire fran\u00e7aise soul\u00e8ve des interrogations"},"content":{"rendered":"<p class=\"t-content__chapo\">Bassirou Diomaye Faye a annonc\u00e9 ce jeudi 28 novembre dans un entretien accord\u00e9 \u00e0 plusieurs m\u00e9dias fran\u00e7ais qu&#8217;il n&#8217;y aurait plus de soldats fran\u00e7ais au S\u00e9n\u00e9gal. Des interrogations demeurent sur le calendrier et la forme de coop\u00e9ration militaire future entre les deux pays.<\/p>\n<div class=\"t-content__dates t-content__dates--reading-time\">\n<p>\u00ab\u00a0<em>Il n\u2019y aura bient\u00f4t plus de soldats fran\u00e7ais au S\u00e9n\u00e9gal\u00a0<\/em>\u00bb, a annonc\u00e9 le pr\u00e9sident de la R\u00e9publique du S\u00e9n\u00e9gal, Bassirou Diomaye Faye, ce jeudi 28 novembre dans plusieurs m\u00e9dias fran\u00e7ais. Pour l&#8217;heure, \u00ab\u00a0<em>aucun calendrier de retrait n\u2019a encore \u00e9t\u00e9 d\u00e9fini par le S\u00e9n\u00e9gal<\/em>\u00a0\u00bb,\u00a0affirme une source \u00e0 la primature, interrog\u00e9e par notre correspondante \u00e0 Dakar,\u00a0<strong>L\u00e9a-Lisa Westerhoff<\/strong>.<\/p>\n<h2>Une promesse du parti au pouvoir<\/h2>\n<p>Dans l\u2019entourage du pouvoir, le d\u00e9part des militaires fran\u00e7ais est consid\u00e9r\u00e9 comme une \u00e9vidence :\u00a0\u00ab<em>\u00a0Le Pastef a toujours pr\u00f4n\u00e9 la fin de la base militaire fran\u00e7aise au S\u00e9n\u00e9gal, tout comme de toute base \u00e9trang\u00e8re<\/em>\u00a0\u00bb. La promesse figure en effet dans le programme souverainiste du parti au pouvoir, le Pastef.<\/p>\n<p>En ce sens,\u00a0<strong><a class=\"gtm-add-suggested-tag\" href=\"https:\/\/www.rfi.fr\/fr\/tag\/bassirou-diomaye-faye\/\" target=\"_self\">Bassirou Diomaye Faye<\/a><\/strong>\u00a0n\u2019a fait que r\u00e9affirmer ce principe. En mai dernier d\u00e9j\u00e0, juste apr\u00e8s leur arriv\u00e9e au pouvoir, le premier ministre Ousmane Sono avait dit la d\u00e9termination du S\u00e9n\u00e9gal \u00e0 exercer sa souverainet\u00e9, ce qui serait incompatible selon lui avec la pr\u00e9sence de bases militaires \u00e9trang\u00e8res sur son territoire, sans pour autant remettre en cause les accords de d\u00e9fense sign\u00e9s avec des pays tiers.<\/p>\n<p>Reste \u00e0 savoir comment ce retrait de la pr\u00e9sence fran\u00e7aise va s\u2019articuler. Pour l\u2019heure, les Fran\u00e7ais avaient d\u00e9j\u00e0 pr\u00e9vu de r\u00e9duire de trois cents \u00e0 une centaine de militaires leur pr\u00e9sence au<strong><a class=\"gtm-add-suggested-tag\" href=\"https:\/\/www.rfi.fr\/fr\/tag\/s%C3%A9n%C3%A9gal\/\" target=\"_self\">S\u00e9n\u00e9gal<\/a><\/strong>\u00a0et de transformer le camp de Dakar en base franco-s\u00e9n\u00e9galaise.<\/p>\n<h2>La classe politique fran\u00e7aise partag\u00e9e<\/h2>\n<p>Ces projets sont-ils encore valables ? Vendredi encore, l&#8217;ex\u00e9cutif fran\u00e7ais gardait le silence. Du c\u00f4t\u00e9 de la classe politique en revanche, il y a eu beaucoup de r\u00e9actions, surtout que l&#8217;annonce du S\u00e9n\u00e9gal concordait avec la fin de la coop\u00e9ration entre le Tchad et la France.<\/p>\n<p>Pour la s\u00e9natrice socialiste H\u00e9l\u00e8ne Conway-Mouret, contact\u00e9e par notre journaliste\u00a0<strong><a href=\"https:\/\/www.rfi.fr\/fr\/auteur\/rapha%C3%ABl-delvolve\/\" target=\"_self\">Rapha\u00ebl Delvolv\u00e9<\/a><\/strong>, la France ne per\u00e7oit pas l&#8217;\u00e9volution rapide des soci\u00e9t\u00e9s africaines : \u00ab\u00a0<em>On nous dit tr\u00e8s clairement que nous faisons partie de ceux avec qui ces pays entendent peut-\u00eatre travailler, mais ils ne sont plus du tout dans un sch\u00e9ma ancien o\u00f9 on leur dit ce qu&#8217;ils ont \u00e0 faire.<\/em>\u00a0\u00bb Plus s\u00e9v\u00e8re, l&#8217;Insoumis Aur\u00e9lien Saintoul y voit un \u00e9chec de la politique d&#8217;Emmanuel Macron en Afrique :\u00a0\u00ab\u00a0<em>C&#8217;est la sanction d&#8217;une politique fait de zig et de zag, de principes qui ne sont pas respect\u00e9s. On a affaire \u00e0 une politique africaine d&#8217;un cynisme total. Il y aura eu le d\u00e9shonneur et la perte d&#8217;influence en m\u00eame temps.<\/em>\u00a0\u00bb<\/p>\n<p>\u00c0 droite, le changement de position \u00e0 N&#8217;Djamena et Dakar est per\u00e7u un \u00e9chec dans la r\u00e9ponse \u00e0 des influences venues de Chine, de Russie et de Turquie, nourrissant un sentiment anti-fran\u00e7ais, pas seulement chez les dirigeants, mais aussi dans les populations. Le s\u00e9nateur Les R\u00e9publicains, Roger Karoutchi, appelle \u00e0 une s\u00e9rieuse r\u00e9flexion s\u00e9rieuse. \u00ab\u00a0<em>Posons-nous la questions de savoir, est-ce que nous avons mis les moyens pour faire en sorte que le lien humain avec la population, avec les jeunes, se soit maintenu\u00a0?<\/em>\u00a0\u00bb<\/p>\n<p>Les \u00e9lus du camp d&#8217;<strong><a class=\"gtm-add-suggested-tag\" href=\"https:\/\/www.rfi.fr\/fr\/tag\/emmanuel-macron\/\" target=\"_self\">Emmanuel Macron<\/a><\/strong>, hors des micros, se disent surpris, nouveau signe qui tend \u00e0 indiquer que les autorit\u00e9s fran\u00e7aises ont \u00e9t\u00e9 prises de court.\u00a0Bassirou Diomaye Faye a promis de revoir bient\u00f4t l\u2019ensemble des coop\u00e9rations militaires avec son \u00e9tat-major, tout en rappelant dans son interview avec France 2 ce jeudi, que la France \u00ab\u00a0<em>reste un partenaire privil\u00e9gi\u00e9<\/em>\u00a0\u00bb.<\/p>\n<p>Rfi<\/p>\n<\/div>\n","protected":false},"excerpt":{"rendered":"<p>Bassirou Diomaye Faye a annonc\u00e9 ce jeudi 28 novembre dans un entretien accord\u00e9 \u00e0 plusieurs m\u00e9dias fran\u00e7ais qu&#8217;il n&#8217;y aurait plus de soldats fran\u00e7ais au S\u00e9n\u00e9gal. Des interrogations demeurent sur le calendrier et la forme de coop\u00e9ration militaire future entre les deux pays. \u00ab\u00a0Il n\u2019y aura bient\u00f4t plus de soldats fran\u00e7ais au S\u00e9n\u00e9gal\u00a0\u00bb, a annonc\u00e9 &hellip;<\/p>\n","protected":false},"author":2,"featured_media":12672,"comment_status":"open","ping_status":"open","sticky":false,"template":"","format":"standard","meta":{"footnotes":""},"categories":[18,29],"tags":[],"class_list":["post-12671","post","type-post","status-publish","format-standard","has-post-thumbnail","hentry","category-actualites","category-monde"],"_links":{"self":[{"href":"https:\/\/ladepeche.mr\/index.php?rest_route=\/wp\/v2\/posts\/12671","targetHints":{"allow":["GET"]}}],"collection":[{"href":"https:\/\/ladepeche.mr\/index.php?rest_route=\/wp\/v2\/posts"}],"about":[{"href":"https:\/\/ladepeche.mr\/index.php?rest_route=\/wp\/v2\/types\/post"}],"author":[{"embeddable":true,"href":"https:\/\/ladepeche.mr\/index.php?rest_route=\/wp\/v2\/users\/2"}],"replies":[{"embeddable":true,"href":"https:\/\/ladepeche.mr\/index.php?rest_route=%2Fwp%2Fv2%2Fcomments&post=12671"}],"version-history":[{"count":1,"href":"https:\/\/ladepeche.mr\/index.php?rest_route=\/wp\/v2\/posts\/12671\/revisions"}],"predecessor-version":[{"id":12673,"href":"https:\/\/ladepeche.mr\/index.php?rest_route=\/wp\/v2\/posts\/12671\/revisions\/12673"}],"wp:featuredmedia":[{"embeddable":true,"href":"https:\/\/ladepeche.mr\/index.php?rest_route=\/wp\/v2\/media\/12672"}],"wp:attachment":[{"href":"https:\/\/ladepeche.mr\/index.php?rest_route=%2Fwp%2Fv2%2Fmedia&parent=12671"}],"wp:term":[{"taxonomy":"category","embeddable":true,"href":"https:\/\/ladepeche.mr\/index.php?rest_route=%2Fwp%2Fv2%2Fcategories&post=12671"},{"taxonomy":"post_tag","embeddable":true,"href":"https:\/\/ladepeche.mr\/index.php?rest_route=%2Fwp%2Fv2%2Ftags&post=12671"}],"curies":[{"name":"wp","href":"https:\/\/api.w.org\/{rel}","templated":true}]}}