{"id":12676,"date":"2024-12-04T09:47:11","date_gmt":"2024-12-04T09:47:11","guid":{"rendered":"https:\/\/ladepeche.mr\/?p=12676"},"modified":"2024-12-04T09:47:11","modified_gmt":"2024-12-04T09:47:11","slug":"ateliers-de-consultation-et-de-validation-du-plan-dorientation-strategique-de-luniversite-de-nouakchott","status":"publish","type":"post","link":"https:\/\/ladepeche.mr\/?p=12676","title":{"rendered":"Ateliers de consultation et de validation du plan d\u2019orientation strat\u00e9gique de l\u2019Universit\u00e9 de Nouakchott"},"content":{"rendered":"<p>Les ateliers consultatifs de validation du plan d\u2019orientation strat\u00e9gique de l\u2019Universit\u00e9 de Nouakchott ont d\u00e9marr\u00e9, mardi, \u00e0 l\u2019amphith\u00e9\u00e2tre de la Facult\u00e9 des Sciences et Techniques.<\/p>\n<p>Durant trois jours, les participants discuteront des expos\u00e9s sur la gouvernance, les ressources humaines, la vie universitaire, la recherche scientifique, la formation et l\u2019internationalisation, \u00e0 travers trois ateliers au cours desquels les forces, les faiblesses, les opportunit\u00e9s et les d\u00e9fis, ainsi que son plan d\u2019action seront analys\u00e9s, avant d\u2019\u00eatre valid\u00e9s.<\/p>\n<p>Dans une allocution prononc\u00e9e \u00e0 cette occasion, le recteur de l\u2019Universit\u00e9 de Nouakchott, M. Aly Mohamed Salem Boukhari, a soulign\u00e9 que le lancement de ces ateliers constituera une feuille de route qui d\u00e9finit les objectifs pour les quatre prochaines ann\u00e9es et les activit\u00e9s \u00e0 mener pour atteindre ces objectifs et r\u00e9aliser les r\u00e9sultats escompt\u00e9s.<\/p>\n<p>Il a indiqu\u00e9 que l\u2019Universit\u00e9 de Nouakchott est un \u00e9tablissement public d\u2019enseignement sup\u00e9rieur \u00e0 caract\u00e8re administratif, jouissant d\u2019une autonomie acad\u00e9mique et scientifique et accueillant 66 % du nombre d\u2019\u00e9tudiants de l\u2019enseignement sup\u00e9rieur en Mauritanie.<\/p>\n<p>Il a ajout\u00e9 que l\u2019universit\u00e9 consid\u00e8re ce plan directeur strat\u00e9gique comme \u00e9tant le r\u00e9sultat d\u2019une approche participative qui inclut les acteurs de la famille universitaire, sur la base du projet qu\u2019il a pr\u00e9sent\u00e9 pour le d\u00e9veloppement de l\u2019Universit\u00e9 de Nouakchott, qu\u2019il a inclus dans son dossier de candidature \u00e0 la pr\u00e9sidence de l\u2019universit\u00e9.<\/p>\n<p>Il convient de signaler que le nombre d\u2019\u00e9tudiants universitaires au cours de la derni\u00e8re ann\u00e9e acad\u00e9mique (2023-2024) a atteint : 22 860 \u00e9tudiants, dont 48 % de filles, ajoutant 12000 \u00e9tudiants \u00e0 l\u2019ann\u00e9e acad\u00e9mique en cours, sur les 16000 qui ont pass\u00e9 les \u00e9preuves du baccalaur\u00e9at cette ann\u00e9e.<\/p>\n<p>Le lancement des ateliers a eu lieu en pr\u00e9sence des vice-pr\u00e9sidents des universit\u00e9s, du secr\u00e9taire g\u00e9n\u00e9ral et des doyens des facult\u00e9s.<\/p>\n<p>Ami<\/p>\n","protected":false},"excerpt":{"rendered":"<p>Les ateliers consultatifs de validation du plan d\u2019orientation strat\u00e9gique de l\u2019Universit\u00e9 de Nouakchott ont d\u00e9marr\u00e9, mardi, \u00e0 l\u2019amphith\u00e9\u00e2tre de la Facult\u00e9 des Sciences et Techniques. Durant trois jours, les participants discuteront des expos\u00e9s sur la gouvernance, les ressources humaines, la vie universitaire, la recherche scientifique, la formation et l\u2019internationalisation, \u00e0 travers trois ateliers au cours &hellip;<\/p>\n","protected":false},"author":2,"featured_media":12677,"comment_status":"open","ping_status":"open","sticky":false,"template":"","format":"standard","meta":{"footnotes":""},"categories":[18],"tags":[],"class_list":["post-12676","post","type-post","status-publish","format-standard","has-post-thumbnail","hentry","category-actualites"],"_links":{"self":[{"href":"https:\/\/ladepeche.mr\/index.php?rest_route=\/wp\/v2\/posts\/12676","targetHints":{"allow":["GET"]}}],"collection":[{"href":"https:\/\/ladepeche.mr\/index.php?rest_route=\/wp\/v2\/posts"}],"about":[{"href":"https:\/\/ladepeche.mr\/index.php?rest_route=\/wp\/v2\/types\/post"}],"author":[{"embeddable":true,"href":"https:\/\/ladepeche.mr\/index.php?rest_route=\/wp\/v2\/users\/2"}],"replies":[{"embeddable":true,"href":"https:\/\/ladepeche.mr\/index.php?rest_route=%2Fwp%2Fv2%2Fcomments&post=12676"}],"version-history":[{"count":1,"href":"https:\/\/ladepeche.mr\/index.php?rest_route=\/wp\/v2\/posts\/12676\/revisions"}],"predecessor-version":[{"id":12678,"href":"https:\/\/ladepeche.mr\/index.php?rest_route=\/wp\/v2\/posts\/12676\/revisions\/12678"}],"wp:featuredmedia":[{"embeddable":true,"href":"https:\/\/ladepeche.mr\/index.php?rest_route=\/wp\/v2\/media\/12677"}],"wp:attachment":[{"href":"https:\/\/ladepeche.mr\/index.php?rest_route=%2Fwp%2Fv2%2Fmedia&parent=12676"}],"wp:term":[{"taxonomy":"category","embeddable":true,"href":"https:\/\/ladepeche.mr\/index.php?rest_route=%2Fwp%2Fv2%2Fcategories&post=12676"},{"taxonomy":"post_tag","embeddable":true,"href":"https:\/\/ladepeche.mr\/index.php?rest_route=%2Fwp%2Fv2%2Ftags&post=12676"}],"curies":[{"name":"wp","href":"https:\/\/api.w.org\/{rel}","templated":true}]}}