{"id":12686,"date":"2024-12-04T23:20:11","date_gmt":"2024-12-04T23:20:11","guid":{"rendered":"https:\/\/ladepeche.mr\/?p=12686"},"modified":"2024-12-04T23:00:02","modified_gmt":"2024-12-04T23:00:02","slug":"chute-du-gouvernement-barnier-des-discours-au-vote-retour-sur-un-seisme-politique","status":"publish","type":"post","link":"https:\/\/ladepeche.mr\/?p=12686","title":{"rendered":"Chute du gouvernement Barnier: des discours au vote, retour sur un s\u00e9isme politique"},"content":{"rendered":"<p class=\"t-content__chapo\">Le gouvernement de Michel Barnier, nomm\u00e9 d\u00e9but septembre par Emmanuel Macron sans majorit\u00e9 claire \u00e0 l&#8217;Assembl\u00e9e nationale, a \u00e9t\u00e9 censur\u00e9 par les oppositions de gauche et d&#8217;extr\u00eame droite ce mercredi 4 d\u00e9cembre dans la soir\u00e9e, une premi\u00e8re en France depuis 1962.<\/p>\n<div class=\"t-content__dates t-content__dates--reading-time\">\n<p><u><strong>Ce qu&#8217;il faut retenir<\/strong><\/u><\/p>\n<p>\u25ba Les deux blocs d&#8217;oppositions \u00e0 l&#8217;Assembl\u00e9e nationale, le Rassemblement national (RN, d&#8217;extr\u00eame droite) et le Nouveau front populaire (NFP, de gauche), ont adopt\u00e9 la motion de censure du NFP visant le gouvernement de Michel Barnier ce 4 d\u00e9cembre dans la soir\u00e9e, apr\u00e8s plusieurs heures de discours de la part du Premier ministre et des pr\u00e9sidents des groupes de partis.<\/p>\n<p>\u25ba Le RN avait assur\u00e9 qu&#8217;il voterait la motion de censure du NFP, la premi\u00e8re \u00e0 \u00eatre soumise au vote : 331 d\u00e9put\u00e9s ont vot\u00e9 pour la censure du gouvernement. Avec une majorit\u00e9 fix\u00e9e \u00e0 288 d\u00e9put\u00e9s pour emporter le vote, le Premier ministre et son gouvernement ont donc \u00e9t\u00e9 censur\u00e9s, et ce n&#8217;\u00e9tait pas arriv\u00e9\u00a0<a href=\"https:\/\/www.rfi.fr\/fr\/france\/20241204-motion-de-censure-en-france-un-seul-pr%C3%A9c%C3%A9dent-en-1962-lorsque-le-gouvernement-pompidou-est-tomb%C3%A9\" target=\"_self\"><strong><u>depuis 1962<\/u><\/strong><\/a>.<\/p>\n<p>\u25ba Lundi 2 d\u00e9cembre, Michel Barnier, en l&#8217;absence d&#8217;une majorit\u00e9 claire \u00e0 l&#8217;Assembl\u00e9e nationale, a\u00a0<a href=\"https:\/\/www.rfi.fr\/fr\/france\/20241202-budget-de-la-s%C3%A9curit%C3%A9-sociale-en-france-le-premier-ministre-michel-barnier-d%C3%A9clenche-le-49-3\" target=\"_self\"><strong><u>eu recours \u00e0 l&#8217;article 49.3 de la Constitution<\/u><\/strong><\/a>. Il lui permettait de faire adopter son projet loi de financement de la S\u00e9curit\u00e9 sociale sans le vote des d\u00e9put\u00e9s, en \u00e9change d&#8217;un engagement de sa responsabilit\u00e9 devant l&#8217;Assembl\u00e9e. Un pari risqu\u00e9, qu&#8217;il a perdu.<\/p>\n<hr \/>\n<p><em>Les horaires sont donn\u00e9s sur le fuseau horaire de Paris, (TU +1h)<\/em><\/p>\n<p><strong>22h27:\u00a0<\/strong><strong>Michel Barnier attendu jeudi matin pour pr\u00e9senter sa d\u00e9mission<\/strong><\/p>\n<p>Michel Barnier est attendu jeudi \u00e0 10h \u00e0 l&#8217;\u00c9lys\u00e9e pour pr\u00e9senter la d\u00e9mission de son gouvernement \u00e0 Emmanuel Macron, a d\u00e9clar\u00e9 la pr\u00e9sidence \u00e0 l&#8217;AFP. Conform\u00e9ment \u00e0 l&#8217;article 50 de la Constitution, apr\u00e8s l&#8217;adoption d&#8217;une motion de censure par les d\u00e9put\u00e9s, \u00ab<em>\u00a0le Premier ministre doit remettre au pr\u00e9sident de la R\u00e9publique la d\u00e9mission du gouvernement\u00a0<\/em>\u00bb.<\/p>\n<p><strong>22h10\u00a0: Deux d\u00e9put\u00e9es r\u00e9agissent \u00e0 la censure de Michel Barnier<\/strong><\/p>\n<p>D&#8217;apr\u00e8s Anne-Laure Blin,\u00a0d\u00e9put\u00e9e Droite R\u00e9publicaine de la 3<sup>\u00e8me<\/sup>\u00a0ciriconscription du Maine-et-Loire, l&#8217;heure est grave. \u00ab\u00a0<em>Ce soir la majorit\u00e9 du NFP et le RN ont pr\u00e9f\u00e9r\u00e9 le chaos institutionnel, le chaos \u00e9conomique, au fait de porter un gouvernement au travail. Aujourd&#8217;hui, nous avons de v\u00e9ritables d\u00e9fis \u00e0 affronter, dans lesquels il faut d\u00e9fendre la place de la France. Et aujourd&#8217;hui, sans gouvernement, cela veut dire que nous n&#8217;avons plus de repr\u00e9sentants\u00a0<\/em>\u00bb, explique la d\u00e9put\u00e9e au micro de notre journaliste\u00a0<strong>Victorien Willaume<\/strong>.<\/p>\n<p>Marie Mesmeur, d\u00e9put\u00e9 LFI de la 1<sup>\u00e8re<\/sup>\u00a0circonscription d&#8217;Ille-et-Vilaine, ne trouve pas la m\u00eame source au chaos que sa coll\u00e8gue : \u00ab\u00a0<em>C&#8217;est la preuve que Macron est fini, il se fait censurer sur ses ann\u00e9es de politique qui sont violentes socialement, \u00e9cologiquement, \u00e9conomiquement. Le seul chaos qui existe aujourd&#8217;hui, c&#8217;est celui d&#8217;Emmanuel Macron qui provoque une crise de r\u00e9gime.<\/em>\u00a0\u00bb Elle appelle \u00e0 la d\u00e9mission du pr\u00e9sident de la R\u00e9publique et \u00e0 la nomination d&#8217;un Premier ministre issu du Nouveau front populaire.<\/p>\n<p><strong>22h<\/strong>\u00a0:\u00a0<strong>Seulement deux d\u00e9put\u00e9es RN et NFP n&#8217;ont pas vot\u00e9 pour la censure\u00a0<\/strong><\/p>\n<p>Sophie Blanc, la d\u00e9put\u00e9e RN de la 1ere circonscription des Pyr\u00e9n\u00e9es Orientales et Sophie Pantel, d\u00e9put\u00e9e socialiste de la Loz\u00e8re, n&#8217;ont pas vot\u00e9 pour la motion de censure du NFP, soutenue par le RN et l&#8217;UDR. La liste compl\u00e8te des d\u00e9put\u00e9s ayant vot\u00e9 pour censurer le gouvernement est disponible\u00a0<strong><a href=\"https:\/\/www.assemblee-nationale.fr\/dyn\/17\/scrutins\/519\" target=\"_blank\" rel=\"noopener\">sur le site de l&#8217;Assembl\u00e9e<\/a><\/strong>.<\/p>\n<p><strong>21h30: R\u00e9\u00e9coutez l&#8217;\u00e9dition sp\u00e9ciale de RFI sur la chute du gouvernement Barnier<\/strong><\/p>\n<p>Nos journalistes ont couvert en direct la censure du gouvernement de Michel Barnier. R\u00e9\u00e9coutez ci-dessous les nombreuses r\u00e9actions des responsables politiques et les analyses de notre service politique.<\/p>\n<p><strong>21h20:\u00a0La France n&#8217;a plus de gouvernement pour r\u00e9pondre \u00e0 la crise sociale<\/strong><\/p>\n<p>Ce mercredi 4 d\u00e9cembre, les fonctionnaires \u00e9taient en gr\u00e8ve : enseignants, cheminots, contr\u00f4leurs a\u00e9riens, personnel soignant, r\u00e9clament plus de moyens humains et financiers pour la fonction publique. Pr\u00e9c\u00e9demment, c&#8217;\u00e9tait les chauffeurs de taxis, protestant contre une baisse des tarifs de remboursement de la S\u00e9curit\u00e9 sociale dans le cadre de transport de patients. Les agriculteurs, quant \u00e0 eux,\u00a0 pr\u00e9voient de nouvelles manifestations d\u00e8s le d\u00e9but de la semaine prochaine.<\/p>\n<p>Le budget 2025 pr\u00e9voyait\u00a0<strong><a href=\"https:\/\/www.rfi.fr\/fr\/france\/20241201-france-agriculture-simplification-annonc%C3%A9e-ministre-salu%C3%A9e-par-les-syndicats-majoritaires-reserves-ong\" target=\"_self\">des mesures d&#8217;aides et de simplication<\/a><\/strong>\u00a0\u00e0 l&#8217;\u00e9gard des agriculteurs en r\u00e9ponse \u00e0 leur col\u00e8re, sauf que ce texte, comme d&#8217;autres qui \u00e9taient en discussion \u00e0 l&#8217;Assembl\u00e9e nationale dans le cadre du budget 2025, n&#8217;est plus d&#8217;actualit\u00e9, rappelle notre journaliste\u00a0<strong>St\u00e9phane Geneste<\/strong>.\u00a0Avec la censure, toutes ces mesures sont d\u00e9sormais caduques, et il faudra attendre une nouvelle pr\u00e9sentation de budget pour les revoir \u00e0 l&#8217;ordre du jour et r\u00e9pondre \u00e0 la col\u00e8re sociale.<\/p>\n<p><strong>21h16: Pour le premier secr\u00e9taire du PS \u00ab<\/strong><em>\u00a0<strong>la censure n&#8217;est pas une fin en soi<\/strong><\/em>\u00a0<strong>\u00bb<\/strong><\/p>\n<p><strong>21h13: Le ministre de l&#8217;\u00c9conomie fustige le NFP et le RN<\/strong><\/p>\n<p>Le ministre de l&#8217;\u00c9conomie Antoine Armand juge qu&#8217;en adoptant la motion de censure contre le gouvernement, \u00ab\u00a0<em>le RN et le NFP ont m\u00eal\u00e9 leurs voix pour d\u00e9stabiliser le pays<\/em>\u00a0\u00bb, dans un message publi\u00e9 sur X.<\/p>\n<p><strong>21h10:\u00a0<\/strong><strong>Michel Barnier devient le Premier ministre le plus \u00e9ph\u00e9m\u00e8re de la V<sup>e\u00a0<\/sup>R\u00e9publique<\/strong><\/p>\n<p>Avec seulement 90 jours \u00e0 la t\u00eate du gouvernement fran\u00e7ais, Michel Barnier devient le Premier ministre le plus \u00e9ph\u00e9m\u00e8re de la V<sup>e<\/sup>\u00a0R\u00e9publique. Bernard Cazeneuve d\u00e9tenait le pr\u00e9c\u00e9dent record, 160 jours, suivi par Gabriel Attal et ses 240 jours.<\/p>\n<p><strong>20h56: Emmanuel Macron s&#8217;adressera aux Fran\u00e7ais ce jeudi \u00e0 20h<\/strong><\/p>\n<p>Emmanuel Macron \u00ab\u00a0<em>s&#8217;adressera aux Fran\u00e7ais\u00a0<\/em>\u00bb dans une allocution jeudi \u00e0 20h au lendemain de la chute du gouvernement de Michel Barnier, a annonc\u00e9 l&#8217;\u00c9lys\u00e9e. L&#8217;entourage du chef de l&#8217;\u00c9tat n&#8217;a pas fourni \u00e0 l&#8217;AFP de pr\u00e9cisions sur le moment auquel un nouveau Premier ministre serait nomm\u00e9.<\/p>\n<p><strong>20h45: Marine Le Pen assure qu&#8217;elle \u00ab\u00a0<em>laissera travailler<\/em>\u00a0\u00bb le futur Premier ministre<\/strong><\/p>\n<p>\u00ab\u00a0<em>J&#8217;ai trouv\u00e9 facile et honorable de d\u00e9fendre les Fran\u00e7ais, y compris au prix d&#8217;\u00eatre oblig\u00e9e d&#8217;aditionner mes voix avec la France Insoumise\u00a0<\/em>\u00bb, d\u00e9clare Marine Le Pen, dans le journal de 20h sur TF1. elle assure qu&#8217;elle \u00ab<em>\u00a0laissera travailler<\/em>\u00a0\u00bb le futur Premier ministre pour \u00ab\u00a0<em>co-construire un budget acceptable pour tous<\/em>\u00a0\u00bb.<\/p>\n<p>Lire la suite sur: https:\/\/www.rfi.fr\/fr\/france\/20241204-en-direct-suivez-le-vote-sur-la-censure-du-gouvernement-barnier<\/p>\n<\/div>\n","protected":false},"excerpt":{"rendered":"<p>Le gouvernement de Michel Barnier, nomm\u00e9 d\u00e9but septembre par Emmanuel Macron sans majorit\u00e9 claire \u00e0 l&#8217;Assembl\u00e9e nationale, a \u00e9t\u00e9 censur\u00e9 par les oppositions de gauche et d&#8217;extr\u00eame droite ce mercredi 4 d\u00e9cembre dans la soir\u00e9e, une premi\u00e8re en France depuis 1962. Ce qu&#8217;il faut retenir \u25ba Les deux blocs d&#8217;oppositions \u00e0 l&#8217;Assembl\u00e9e nationale, le Rassemblement &hellip;<\/p>\n","protected":false},"author":2,"featured_media":12687,"comment_status":"open","ping_status":"open","sticky":false,"template":"","format":"standard","meta":{"footnotes":""},"categories":[18,29],"tags":[],"class_list":["post-12686","post","type-post","status-publish","format-standard","has-post-thumbnail","hentry","category-actualites","category-monde"],"_links":{"self":[{"href":"https:\/\/ladepeche.mr\/index.php?rest_route=\/wp\/v2\/posts\/12686","targetHints":{"allow":["GET"]}}],"collection":[{"href":"https:\/\/ladepeche.mr\/index.php?rest_route=\/wp\/v2\/posts"}],"about":[{"href":"https:\/\/ladepeche.mr\/index.php?rest_route=\/wp\/v2\/types\/post"}],"author":[{"embeddable":true,"href":"https:\/\/ladepeche.mr\/index.php?rest_route=\/wp\/v2\/users\/2"}],"replies":[{"embeddable":true,"href":"https:\/\/ladepeche.mr\/index.php?rest_route=%2Fwp%2Fv2%2Fcomments&post=12686"}],"version-history":[{"count":1,"href":"https:\/\/ladepeche.mr\/index.php?rest_route=\/wp\/v2\/posts\/12686\/revisions"}],"predecessor-version":[{"id":12688,"href":"https:\/\/ladepeche.mr\/index.php?rest_route=\/wp\/v2\/posts\/12686\/revisions\/12688"}],"wp:featuredmedia":[{"embeddable":true,"href":"https:\/\/ladepeche.mr\/index.php?rest_route=\/wp\/v2\/media\/12687"}],"wp:attachment":[{"href":"https:\/\/ladepeche.mr\/index.php?rest_route=%2Fwp%2Fv2%2Fmedia&parent=12686"}],"wp:term":[{"taxonomy":"category","embeddable":true,"href":"https:\/\/ladepeche.mr\/index.php?rest_route=%2Fwp%2Fv2%2Fcategories&post=12686"},{"taxonomy":"post_tag","embeddable":true,"href":"https:\/\/ladepeche.mr\/index.php?rest_route=%2Fwp%2Fv2%2Ftags&post=12686"}],"curies":[{"name":"wp","href":"https:\/\/api.w.org\/{rel}","templated":true}]}}