{"id":12689,"date":"2024-12-04T23:45:39","date_gmt":"2024-12-04T23:45:39","guid":{"rendered":"https:\/\/ladepeche.mr\/?p=12689"},"modified":"2024-12-05T12:45:49","modified_gmt":"2024-12-05T12:45:49","slug":"12689","status":"publish","type":"post","link":"https:\/\/ladepeche.mr\/?p=12689","title":{"rendered":"La Mauritanie participe au 3\u00e8me forum sur le commerce et l&#8217;investissement entre le Royaume-Uni et les pays francophones d&#8217;Afrique de l&#8217;Ouest et du Centre"},"content":{"rendered":"<p>Son Excellence le ministre de l&#8217;\u00c9conomie et des Finances, M. Sid&#8217;Ahmed Ould Bouh, a pris part ce mercredi aux travaux du troisi\u00e8me forum sur le commerce et l&#8217;investissement entre le Royaume-Uni et les pays francophones d&#8217;Afrique de l&#8217;Ouest et du Centre (WCAF III), organis\u00e9 \u00e0 Londres, au Royaume-Uni, du 3 au 5 d\u00e9cembre 2024.<\/p>\n<p>Lors de la s\u00e9ance d&#8217;ouverture , le ministre a pr\u00e9sent\u00e9 la strat\u00e9gie de la Mauritanie, ainsi que les efforts d\u00e9ploy\u00e9s pour stimuler les investissements et dynamiser le secteur priv\u00e9. Il a \u00e9galement mis en lumi\u00e8re les r\u00e9formes \u00e9conomiques en cours et les opportunit\u00e9s d\u2019investissement qu\u2019offre le pays, connu pour la diversit\u00e9 et l\u2019abondance de ses ressources naturelles, ainsi que les incitations importantes propos\u00e9es aux investisseurs.<\/p>\n<p>Dans le cadre du forum, une session intitul\u00e9e &#8220;Focus sur la Mauritanie&#8221; a \u00e9t\u00e9 organis\u00e9e, en pr\u00e9sence du ministre, accompagn\u00e9 de Mme A\u00efssata Lam, directrice g\u00e9n\u00e9rale de l\u2019Agence de Promotion des Investissements en Mauritanie (APIM), de M. Guy Harrison, ambassadeur du Royaume-Uni en Mauritanie, ainsi que de repr\u00e9sentants du secteur priv\u00e9.<\/p>\n<p>La session a permis d\u2019approfondir les discussions sur les opportunit\u00e9s d\u2019investissement en Mauritanie, les partenariats public-priv\u00e9 (PPP), et les moyens de renforcer la coop\u00e9ration \u00e9conomique bilat\u00e9rale. Le ministre a r\u00e9pondu aux questions des participants, soulignant les avantages comp\u00e9titifs d\u2019un march\u00e9 mauritanien promoteur.<\/p>\n<p>La d\u00e9l\u00e9gation officielle mauritanienne participant aux travaux du forum comprenait :<\/p>\n<p>SEM. Ba Samba Mamadou, ambassadeur de Mauritanie \u00e0 Londres ;<\/p>\n<p>Mme A\u00efssata Lam, directrice g\u00e9n\u00e9rale de l\u2019APIM ;<br \/>\nMme Khadijetou Ahmed, directrice adjointe des partenariats public-priv\u00e9 ;<br \/>\nMme Khadi Yahya, directrice du suivi des r\u00e9formes ;<br \/>\nM. Mohamed Salem Ahmed Saleh, directeur de la communication et des technologies de l&#8217;information \u00e0 l\u2019APIM M. Sidi Maouloud, charg\u00e9 de mission \u00e0 l\u2019APIM.<\/p>\n<p>MEF<\/p>\n","protected":false},"excerpt":{"rendered":"<p>Son Excellence le ministre de l&#8217;\u00c9conomie et des Finances, M. Sid&#8217;Ahmed Ould Bouh, a pris part ce mercredi aux travaux du troisi\u00e8me forum sur le commerce et l&#8217;investissement entre le Royaume-Uni et les pays francophones d&#8217;Afrique de l&#8217;Ouest et du Centre (WCAF III), organis\u00e9 \u00e0 Londres, au Royaume-Uni, du 3 au 5 d\u00e9cembre 2024. Lors &hellip;<\/p>\n","protected":false},"author":2,"featured_media":12691,"comment_status":"open","ping_status":"open","sticky":false,"template":"","format":"standard","meta":{"footnotes":""},"categories":[18,2],"tags":[],"class_list":["post-12689","post","type-post","status-publish","format-standard","has-post-thumbnail","hentry","category-actualites","category-economie"],"_links":{"self":[{"href":"https:\/\/ladepeche.mr\/index.php?rest_route=\/wp\/v2\/posts\/12689","targetHints":{"allow":["GET"]}}],"collection":[{"href":"https:\/\/ladepeche.mr\/index.php?rest_route=\/wp\/v2\/posts"}],"about":[{"href":"https:\/\/ladepeche.mr\/index.php?rest_route=\/wp\/v2\/types\/post"}],"author":[{"embeddable":true,"href":"https:\/\/ladepeche.mr\/index.php?rest_route=\/wp\/v2\/users\/2"}],"replies":[{"embeddable":true,"href":"https:\/\/ladepeche.mr\/index.php?rest_route=%2Fwp%2Fv2%2Fcomments&post=12689"}],"version-history":[{"count":2,"href":"https:\/\/ladepeche.mr\/index.php?rest_route=\/wp\/v2\/posts\/12689\/revisions"}],"predecessor-version":[{"id":12705,"href":"https:\/\/ladepeche.mr\/index.php?rest_route=\/wp\/v2\/posts\/12689\/revisions\/12705"}],"wp:featuredmedia":[{"embeddable":true,"href":"https:\/\/ladepeche.mr\/index.php?rest_route=\/wp\/v2\/media\/12691"}],"wp:attachment":[{"href":"https:\/\/ladepeche.mr\/index.php?rest_route=%2Fwp%2Fv2%2Fmedia&parent=12689"}],"wp:term":[{"taxonomy":"category","embeddable":true,"href":"https:\/\/ladepeche.mr\/index.php?rest_route=%2Fwp%2Fv2%2Fcategories&post=12689"},{"taxonomy":"post_tag","embeddable":true,"href":"https:\/\/ladepeche.mr\/index.php?rest_route=%2Fwp%2Fv2%2Ftags&post=12689"}],"curies":[{"name":"wp","href":"https:\/\/api.w.org\/{rel}","templated":true}]}}