{"id":12693,"date":"2024-12-04T23:30:01","date_gmt":"2024-12-04T23:30:01","guid":{"rendered":"https:\/\/ladepeche.mr\/?p=12693"},"modified":"2024-12-04T23:15:12","modified_gmt":"2024-12-04T23:15:12","slug":"reunion-de-la-commission-mixte-mauritano-europeenne-de-suivi-de-laccord-de-partenariat-dans-le-secteur-de-la-peche","status":"publish","type":"post","link":"https:\/\/ladepeche.mr\/?p=12693","title":{"rendered":"R\u00e9union de la Commission mixte mauritano-europ\u00e9enne de suivi de l\u2019accord de partenariat dans le secteur de la p\u00eache"},"content":{"rendered":"<p>La commission mixte mauritano-europ\u00e9enne de suivi de l\u2019accord de partenariat dans le secteur de la p\u00eache entre les deux parties a tenu mercredi une r\u00e9union dans les locaux du minist\u00e8re \u00e0 Nouakchott.<\/p>\n<p>La partie mauritanienne a \u00e9t\u00e9 pr\u00e9sid\u00e9e par le secr\u00e9taire g\u00e9n\u00e9ral du minist\u00e8re, M. Sidi Aly Ould Sidi Boubacar, charg\u00e9 des accords de partenariat dans le domaine de la p\u00eache, et la partie europ\u00e9enne par M. Luis Molledo, chef de l\u2019unit\u00e9 des relations commerciales et des accords de partenariat de la direction g\u00e9n\u00e9rale de la p\u00eache de l\u2019Union europ\u00e9enne.<\/p>\n<p>Au cours de sa r\u00e9union, la commission discutera de l\u2019utilisation des licences par cat\u00e9gorie, du paiement des redevances, de la situation actuelle, des captures et des rapports trimestriels, des taux d\u2019utilisation des quotas, du suivi et des conditions techniques du protocole, du syst\u00e8me de transfert \u00e9lectronique, de la situation actuelle et des \u00e9changes sur le statut des marins \u00e0 bord des navires de l\u2019UE, ainsi que de l\u2019\u00e9valuation de la situation de l\u2019embarquement d\u2019observateurs scientifiques \u00e0 bord de ces navires.<\/p>\n<p>La r\u00e9union discutera \u00e9galement des \u00e9changes et proposera des actions sur les amendements l\u00e9gislatifs affectant les activit\u00e9s des navires de l\u2019UE dans la zone de p\u00eache, les coordonn\u00e9es g\u00e9ographiques correspondant \u00e0 la zone de p\u00eache de cat\u00e9gorie 6, la mise en \u0153uvre des mesures techniques qui renforcent l\u2019attractivit\u00e9 du protocole, le suivi des recommandations des actions adopt\u00e9es lors de la commission mixte 2023 et de la r\u00e9union technique de juin dernier, et l\u2019\u00e9valuation des progr\u00e8s r\u00e9alis\u00e9s dans la mise en \u0153uvre du protocole.<\/p>\n<p>Les participants \u00e0 la r\u00e9union technique ont \u00e9galement l\u2019occasion de discuter des mesures techniques qui renforcent l\u2019attractivit\u00e9 du protocole et de d\u00e9cider des prochaines \u00e9tapes pour \u00e9valuer l\u2019impact des mesures pr\u00e9vues pour le mois de juin prochain.<\/p>\n<p>La deuxi\u00e8me journ\u00e9e de la r\u00e9union sera consacr\u00e9e \u00e0 la coop\u00e9ration scientifique, au cours de laquelle le comit\u00e9 scientifique conjoint pr\u00e9sentera le rapport 2024, ses recommandations et ses propositions de plan de travail pour 2025, en y ajoutant les recommandations du comit\u00e9 technique, en plus de l\u2019examen du plan national de gestion des petits poissons, de l\u2019\u00e9tat d\u2019avancement des mesures de gestion et du m\u00e9canisme de suivi.<\/p>\n<p>Elle d\u00e9cidera \u00e9galement de la proposition de p\u00eache exp\u00e9rimentale li\u00e9e \u00e0 la modification de la zone de p\u00eache de cat\u00e9gorie 2, d\u2019un calendrier pour les recommandations \u00e0 mettre en \u0153uvre par les parties prenantes et de la coop\u00e9ration r\u00e9gionale.<\/p>\n<p>Les discussions au cours de cette r\u00e9union porteront sur la cellule de coordination et de mise en \u0153uvre de l\u2019appui sectoriel, la pr\u00e9sentation du travail effectu\u00e9 en 2024 avec une revue organisationnelle de la cellule, la pr\u00e9paration des rapports techniques finaux pour les protocoles pr\u00e9c\u00e9dents, et l\u2019assistance technique et l\u2019appui sectoriel 2021-2026.<\/p>\n<p>La troisi\u00e8me et derni\u00e8re journ\u00e9e sera consacr\u00e9e \u00e0 la discussion du plan de communication, \u00e0 la coordination des publications dans les m\u00e9dias, aux activit\u00e9s de suivi, au calendrier pr\u00e9vu pour le d\u00e9but du processus de ren\u00e9gociation des protocoles et \u00e0 la date de la prochaine r\u00e9union de la commission mixte.<\/p>\n<p>Ami<\/p>\n","protected":false},"excerpt":{"rendered":"<p>La commission mixte mauritano-europ\u00e9enne de suivi de l\u2019accord de partenariat dans le secteur de la p\u00eache entre les deux parties a tenu mercredi une r\u00e9union dans les locaux du minist\u00e8re \u00e0 Nouakchott. La partie mauritanienne a \u00e9t\u00e9 pr\u00e9sid\u00e9e par le secr\u00e9taire g\u00e9n\u00e9ral du minist\u00e8re, M. Sidi Aly Ould Sidi Boubacar, charg\u00e9 des accords de partenariat &hellip;<\/p>\n","protected":false},"author":2,"featured_media":12694,"comment_status":"open","ping_status":"open","sticky":false,"template":"","format":"standard","meta":{"footnotes":""},"categories":[18,2],"tags":[],"class_list":["post-12693","post","type-post","status-publish","format-standard","has-post-thumbnail","hentry","category-actualites","category-economie"],"_links":{"self":[{"href":"https:\/\/ladepeche.mr\/index.php?rest_route=\/wp\/v2\/posts\/12693","targetHints":{"allow":["GET"]}}],"collection":[{"href":"https:\/\/ladepeche.mr\/index.php?rest_route=\/wp\/v2\/posts"}],"about":[{"href":"https:\/\/ladepeche.mr\/index.php?rest_route=\/wp\/v2\/types\/post"}],"author":[{"embeddable":true,"href":"https:\/\/ladepeche.mr\/index.php?rest_route=\/wp\/v2\/users\/2"}],"replies":[{"embeddable":true,"href":"https:\/\/ladepeche.mr\/index.php?rest_route=%2Fwp%2Fv2%2Fcomments&post=12693"}],"version-history":[{"count":1,"href":"https:\/\/ladepeche.mr\/index.php?rest_route=\/wp\/v2\/posts\/12693\/revisions"}],"predecessor-version":[{"id":12695,"href":"https:\/\/ladepeche.mr\/index.php?rest_route=\/wp\/v2\/posts\/12693\/revisions\/12695"}],"wp:featuredmedia":[{"embeddable":true,"href":"https:\/\/ladepeche.mr\/index.php?rest_route=\/wp\/v2\/media\/12694"}],"wp:attachment":[{"href":"https:\/\/ladepeche.mr\/index.php?rest_route=%2Fwp%2Fv2%2Fmedia&parent=12693"}],"wp:term":[{"taxonomy":"category","embeddable":true,"href":"https:\/\/ladepeche.mr\/index.php?rest_route=%2Fwp%2Fv2%2Fcategories&post=12693"},{"taxonomy":"post_tag","embeddable":true,"href":"https:\/\/ladepeche.mr\/index.php?rest_route=%2Fwp%2Fv2%2Ftags&post=12693"}],"curies":[{"name":"wp","href":"https:\/\/api.w.org\/{rel}","templated":true}]}}