{"id":12699,"date":"2024-12-05T12:40:44","date_gmt":"2024-12-05T12:40:44","guid":{"rendered":"https:\/\/ladepeche.mr\/?p=12699"},"modified":"2024-12-05T12:40:44","modified_gmt":"2024-12-05T12:40:44","slug":"amnesty-accuse-israel-de-genocide-a-gaza","status":"publish","type":"post","link":"https:\/\/ladepeche.mr\/?p=12699","title":{"rendered":"Amnesty accuse Isra\u00ebl de &#8220;g\u00e9nocide&#8221; \u00e0 Gaza"},"content":{"rendered":"<p data-t=\"{&quot;n&quot;:&quot;blueLinks&quot;}\"><strong>L\u2019organisation de d\u00e9fense des droits humains Amnesty International a publi\u00e9 jeudi un rapport accusant Isra\u00ebl de\u00a0<em>\u00ab\u00a0commettre un g\u00e9nocide\u00a0\u00bb<\/em>\u00a0contre les Palestiniens dans la bande de Gaza depuis le d\u00e9but de la guerre, appelant la communaut\u00e9 internationale \u00e0 ne pas en \u00eatre\u00a0<em>\u00ab\u00a0complice\u00a0\u00bb<\/em>.<\/strong><\/p>\n<div class=\"intra-article-module\" data-t=\"{&quot;n&quot;:&quot;intraArticle&quot;,&quot;t&quot;:13}\">\n<div class=\"articlePageIntraArticleFullWidth ad-slot-placeholder left-image-intra-ad collapsed\" data-ad-index=\"0\">\n<div class=\"intra-article-ad-full left-image-intra-ad\"><\/div>\n<\/div>\n<\/div>\n<p data-t=\"{&quot;n&quot;:&quot;blueLinks&quot;}\"><em>\u00ab\u00a0Mois apr\u00e8s mois, Isra\u00ebl a trait\u00e9 les Palestiniens de Gaza comme un groupe de sous-humains, indigne du respect des droits humains et de la dignit\u00e9, d\u00e9montrant son intention de les d\u00e9truire physiquement\u00a0\u00bb,<\/em>\u00a0a d\u00e9nonc\u00e9 Agn\u00e8s Callamard, secr\u00e9taire g\u00e9n\u00e9ral de l\u2019organisation,.<\/p>\n<p data-t=\"{&quot;n&quot;:&quot;blueLinks&quot;}\">Ce rapport de 300 pages met en avant\u00a0<em>\u00ab\u00a0suffisamment d\u2019\u00e9l\u00e9ments pour conclure qu\u2019Isra\u00ebl a commis et continue de commettre un g\u00e9nocide contre les Palestiniens de la bande de Gaza\u00a0\u00bb<\/em>\u00a0depuis l\u2019attaque sans pr\u00e9c\u00e9dent du mouvement islamiste palestinien Hamas le 7 octobre 2023 dans le sud d\u2019Isra\u00ebl, qui a d\u00e9clench\u00e9 la guerre en cours, indique Amnesty International.<\/p>\n<p data-t=\"{&quot;n&quot;:&quot;blueLinks&quot;}\">L\u2019organisation explique s\u2019\u00eatre appuy\u00e9e sur des\u00a0<em>\u00ab\u00a0d\u00e9clarations g\u00e9nocidaires et d\u00e9shumanisantes du gouvernement isra\u00e9lien\u00a0\u00bb<\/em>, des images \u2013 notamment de satellites \u2013 qui documentent la d\u00e9vastation du territoire palestinien, et des recherches sur le terrain aupr\u00e8s des Gazaouis entre le 7 octobre 2023 et juillet 2024.<\/p>\n<div class=\"intra-article-module\" data-t=\"{&quot;n&quot;:&quot;intraArticle&quot;,&quot;t&quot;:13}\">\n<div class=\"articlePageIntraArticleFullWidth left-image-intra-ad\">\n<div class=\"intra-article-relatedcontent\">\n<div class=\"video-clear-div\"><\/div>\n<p><a class=\"related-video-divider-top video-title related-video-link\" tabindex=\"0\" href=\"https:\/\/www.msn.com\/fr-xl\/video\/actualite\/vid%C3%A9o-dun-otage-%C3%A0-gaza-le-jihad-islamique-souhaite-conclure-un-nouvel-accord-avec-isra%C3%ABl\/vi-AA1u1Mcw?ocid=msedgdhp\" target=\"_blank\" rel=\"noopener\" data-test-id=\"video-embed-title\" data-t=\"{&quot;n&quot;:&quot;RelatedVideoTitleLink&quot;,&quot;b&quot;:1,&quot;c.i&quot;:&quot;AA1u1Mcw&quot;}\"><img decoding=\"async\" src=\"https:\/\/assets.msn.com\/staticsb\/statics\/latest\/icons-wc\/icons\/VideoBlue.svg\" alt=\"\" \/><span class=\"related-video-title-bold\">Vid\u00e9o associ\u00e9e<\/span>:\u00a0Vid\u00e9o d&#8217;un otage \u00e0 Gaza : &#8220;le Jihad islamique souhaite conclure un nouvel accord avec Isra\u00ebl&#8221;\u00a0(France24 (Video))<\/a><\/p>\n<div class=\"video-wrapper  \" tabindex=\"0\">\n<div class=\" videocard1PP video-embed-common related-video-divider-bottom videocardRelatedVideo\">\n<div class=\" content-video-container  large-title   \" role=\"button\" data-t=\"{&quot;n&quot;:&quot;ContentVideoPlayer&quot;,&quot;t&quot;:61,&quot;a&quot;:&quot;click&quot;,&quot;b&quot;:57,&quot;ext&quot;:{&quot;videoCs&quot;:&quot;AA1u1Mcw&quot;,&quot;videoFormatCode&quot;:1006,&quot;title&quot;:&quot;Vid\u00e9o d'un otage \u00e0 Gaza : \\&quot;le Jihad islamique souhaite conclure un nouvel accord avec Isra\u00ebl\\&quot;&quot;,&quot;videoDuration&quot;:134,&quot;playerInstanceId&quot;:&quot;vjs_video_3_html5_api&quot;,&quot;playType&quot;:&quot;pb&quot;,&quot;playerTech&quot;:&quot;HTML5&quot;,&quot;pluginVersion&quot;:&quot;HTML5&quot;,&quot;size&quot;:&quot;682x384&quot;,&quot;videoPlayerType&quot;:&quot;mp4:progressive&quot;,&quot;playerType&quot;:&quot;HTML5&quot;,&quot;videoUrl&quot;:&quot;https:\/\/prod-streaming-video-msn-com.akamaized.net\/v1\/eus003\/d7b8212f-060b-41e8-a696-aef7215579ea\/fcc43eaf-bfce-4c23-b49a-8e4e57044473.m3u8&quot;}}\">\n<div id=\"vjs_video_3\" class=\"video-js vjs-msn vjs-fill vjs-paused vjs_video_3-dimensions vjs-controls-enabled vjs-workinghover vjs-v7 vjs-user-active vjs-layout-medium vjs-qualitymenu vjs-telemetry vjs-show-spinner\" lang=\"fr-xl\" tabindex=\"-1\" role=\"region\" translate=\"no\" data-setup=\"{ &quot;inactivityTimeout&quot;: 0 }\" aria-label=\"Vid\u00e9o d'un otage \u00e0 Gaza : &quot;le Jihad islamique souhaite conclure un nouvel accord avec Isra\u00ebl&quot; Lecteur vid\u00e9o\"><video id=\"vjs_video_3_html5_api\" class=\"vjs-tech\" tabindex=\"-1\" src=\"blob:https:\/\/www.msn.com\/e0ec86c3-148c-4a5d-8354-0440d5f237a9\" poster=\"https:\/\/img-s-msn-com.akamaized.net\/tenant\/amp\/entityid\/AA1u1T70.img?w=682&amp;h=475&amp;q=60&amp;m=6&amp;f=jpg&amp;u=t\" preload=\"auto\" muted=\"muted\" width=\"300\" height=\"150\" data-setup=\"{ &quot;inactivityTimeout&quot;: 0 }\" data-customhandled=\"true\" data-t=\"{&quot;n&quot;:&quot;Player&quot;,&quot;t&quot;:61,&quot;a&quot;:&quot;click&quot;,&quot;b&quot;:57,&quot;ext&quot;:{&quot;videoCs&quot;:&quot;AA1u1Mcw&quot;,&quot;videoFormatCode&quot;:1006,&quot;title&quot;:&quot;Vid\u00e9o d'un otage \u00e0 Gaza : \\&quot;le Jihad islamique souhaite conclure un nouvel accord avec Isra\u00ebl\\&quot;&quot;,&quot;videoDuration&quot;:134,&quot;playerInstanceId&quot;:&quot;vjs_video_3_html5_api&quot;,&quot;playType&quot;:&quot;pb&quot;,&quot;playerTech&quot;:&quot;HTML5&quot;,&quot;pluginVersion&quot;:&quot;HTML5&quot;,&quot;size&quot;:&quot;682x384&quot;,&quot;videoPlayerType&quot;:&quot;mp4:progressive&quot;,&quot;playerType&quot;:&quot;HTML5&quot;,&quot;videoUrl&quot;:&quot;https:\/\/prod-streaming-video-msn-com.akamaized.net\/v1\/eus003\/d7b8212f-060b-41e8-a696-aef7215579ea\/fcc43eaf-bfce-4c23-b49a-8e4e57044473.m3u8&quot;}}\" data-mce-fragment=\"1\"><\/video><\/p>\n<div class=\"vjs-poster\" tabindex=\"-1\" aria-disabled=\"false\"><\/div>\n<div class=\"vjs-text-track-display\" translate=\"yes\" aria-live=\"off\" aria-atomic=\"true\"><\/div>\n<div class=\"vjs-loading-spinner\" dir=\"ltr\"><span class=\"vjs-control-text\">Video Player is loading.<\/span><\/div>\n<p><button class=\"vjs-big-play-button\" title=\"Play Video\" type=\"button\" aria-disabled=\"false\" data-customhandled=\"true\" data-t=\"{&quot;n&quot;:&quot;BigPlayButton&quot;,&quot;t&quot;:61,&quot;a&quot;:&quot;click&quot;,&quot;b&quot;:57,&quot;ext&quot;:{&quot;videoCs&quot;:&quot;AA1u1Mcw&quot;,&quot;videoFormatCode&quot;:1006,&quot;title&quot;:&quot;Vid\u00e9o d'un otage \u00e0 Gaza : \\&quot;le Jihad islamique souhaite conclure un nouvel accord avec Isra\u00ebl\\&quot;&quot;,&quot;videoDuration&quot;:134,&quot;playerInstanceId&quot;:&quot;vjs_video_3_html5_api&quot;,&quot;playType&quot;:&quot;pb&quot;,&quot;playerTech&quot;:&quot;HTML5&quot;,&quot;pluginVersion&quot;:&quot;HTML5&quot;,&quot;size&quot;:&quot;682x384&quot;,&quot;videoPlayerType&quot;:&quot;mp4:progressive&quot;,&quot;playerType&quot;:&quot;HTML5&quot;,&quot;videoUrl&quot;:&quot;https:\/\/prod-streaming-video-msn-com.akamaized.net\/v1\/eus003\/d7b8212f-060b-41e8-a696-aef7215579ea\/fcc43eaf-bfce-4c23-b49a-8e4e57044473.m3u8&quot;}}\"><span class=\"vjs-control-text\" aria-live=\"polite\">Play Video<\/span><\/button><\/p>\n<div class=\"vjs-title-bar\">\n<div class=\"vjs-title-provider\"><img decoding=\"async\" class=\"vjs-title-provider-img\" src=\"https:\/\/img-s-msn-com.akamaized.net\/tenant\/amp\/entityid\/BB1nCX7A.img?w=16&amp;h=16&amp;q=60&amp;m=6&amp;f=jpg&amp;u=t\" alt=\"\" \/><span class=\"vjs-title-provider-name\">France24 (Video)<\/span><\/div>\n<div class=\"vjs-title-text\">Vid\u00e9o d&#8217;un otage \u00e0 Gaza : &#8220;le Jihad islamique souhaite conclure un nouvel accord avec Isra\u00ebl&#8221;<\/div>\n<\/div>\n<div class=\"vjs-volume-panel vjs-control vjs-volume-panel-vertical endSlate-volumePanel\" data-customhandled=\"true\" data-t=\"{&quot;n&quot;:&quot;VolumePanel&quot;,&quot;t&quot;:61,&quot;a&quot;:&quot;click&quot;,&quot;b&quot;:60,&quot;ext&quot;:{&quot;videoCs&quot;:&quot;AA1u1Mcw&quot;,&quot;videoFormatCode&quot;:1006,&quot;title&quot;:&quot;Vid\u00e9o d'un otage \u00e0 Gaza : \\&quot;le Jihad islamique souhaite conclure un nouvel accord avec Isra\u00ebl\\&quot;&quot;,&quot;videoDuration&quot;:134,&quot;playerInstanceId&quot;:&quot;vjs_video_3_html5_api&quot;,&quot;playType&quot;:&quot;pb&quot;,&quot;playerTech&quot;:&quot;HTML5&quot;,&quot;pluginVersion&quot;:&quot;HTML5&quot;,&quot;size&quot;:&quot;682x384&quot;,&quot;videoPlayerType&quot;:&quot;mp4:progressive&quot;,&quot;playerType&quot;:&quot;HTML5&quot;,&quot;videoUrl&quot;:&quot;https:\/\/prod-streaming-video-msn-com.akamaized.net\/v1\/eus003\/d7b8212f-060b-41e8-a696-aef7215579ea\/fcc43eaf-bfce-4c23-b49a-8e4e57044473.m3u8&quot;}}\"><button class=\"vjs-mute-control vjs-control vjs-button vjs-vol-0\" title=\"Activer les notifications\" type=\"button\" aria-disabled=\"false\" data-customhandled=\"true\" data-t=\"{&quot;n&quot;:&quot;Unmute&quot;,&quot;t&quot;:61,&quot;a&quot;:&quot;click&quot;,&quot;b&quot;:20,&quot;ext&quot;:{&quot;videoCs&quot;:&quot;AA1u1Mcw&quot;,&quot;videoFormatCode&quot;:1006,&quot;title&quot;:&quot;Vid\u00e9o d'un otage \u00e0 Gaza : \\&quot;le Jihad islamique souhaite conclure un nouvel accord avec Isra\u00ebl\\&quot;&quot;,&quot;videoDuration&quot;:134,&quot;playerInstanceId&quot;:&quot;vjs_video_3_html5_api&quot;,&quot;playType&quot;:&quot;pb&quot;,&quot;playerTech&quot;:&quot;HTML5&quot;,&quot;pluginVersion&quot;:&quot;HTML5&quot;,&quot;size&quot;:&quot;682x384&quot;,&quot;videoPlayerType&quot;:&quot;mp4:progressive&quot;,&quot;playerType&quot;:&quot;HTML5&quot;,&quot;videoUrl&quot;:&quot;https:\/\/prod-streaming-video-msn-com.akamaized.net\/v1\/eus003\/d7b8212f-060b-41e8-a696-aef7215579ea\/fcc43eaf-bfce-4c23-b49a-8e4e57044473.m3u8&quot;}}\"><span class=\"vjs-control-text\">Activer les notifications<\/span><\/button><\/p>\n<div class=\"vjs-volume-control vjs-control vjs-volume-vertical\">\n<div class=\"vjs-volume-label\">0<\/div>\n<div class=\"vjs-volume-bar vjs-slider-bar vjs-slider vjs-slider-vertical\" tabindex=\"0\" role=\"slider\" aria-valuenow=\"0\" aria-valuemin=\"0\" aria-valuemax=\"100\" aria-label=\"Volume Level\" aria-live=\"polite\" aria-valuetext=\"0%\" data-customhandled=\"true\" data-t=\"{&quot;n&quot;:&quot;100&quot;,&quot;t&quot;:11,&quot;a&quot;:&quot;click&quot;,&quot;b&quot;:60,&quot;ext&quot;:{&quot;videoCs&quot;:&quot;AA1u1Mcw&quot;,&quot;videoFormatCode&quot;:1006,&quot;title&quot;:&quot;Vid\u00e9o d'un otage \u00e0 Gaza : \\&quot;le Jihad islamique souhaite conclure un nouvel accord avec Isra\u00ebl\\&quot;&quot;,&quot;videoDuration&quot;:134,&quot;playerInstanceId&quot;:&quot;vjs_video_3_html5_api&quot;,&quot;playType&quot;:&quot;pb&quot;,&quot;playerTech&quot;:&quot;HTML5&quot;,&quot;pluginVersion&quot;:&quot;HTML5&quot;,&quot;size&quot;:&quot;682x384&quot;,&quot;videoPlayerType&quot;:&quot;mp4:progressive&quot;,&quot;playerType&quot;:&quot;HTML5&quot;,&quot;videoUrl&quot;:&quot;https:\/\/prod-streaming-video-msn-com.akamaized.net\/v1\/eus003\/d7b8212f-060b-41e8-a696-aef7215579ea\/fcc43eaf-bfce-4c23-b49a-8e4e57044473.m3u8&quot;}}\">\n<div class=\"vjs-volume-level\"><\/div>\n<\/div>\n<\/div>\n<\/div>\n<\/div>\n<p><a class=\"overlay-open\" href=\"https:\/\/www.msn.com\/fr-xl\/video\/actualite\/vid%C3%A9o-dun-otage-%C3%A0-gaza-le-jihad-islamique-souhaite-conclure-un-nouvel-accord-avec-isra%C3%ABl\/vi-AA1u1Mcw?ocid=msedgdhp\" target=\"_blank\" rel=\"noopener\" data-test-id=\"video-overlay\" data-t=\"{&quot;n&quot;:&quot;WatchMoreButton&quot;,&quot;t&quot;:61,&quot;a&quot;:&quot;click&quot;,&quot;d&quot;:&quot;https:\/\/www.msn.com\/fr-xl\/video\/actualite\/vid%C3%A9o-dun-otage-%C3%A0-gaza-le-jihad-islamique-souhaite-conclure-un-nouvel-accord-avec-isra%C3%ABl\/vi-AA1u1Mcw?ocid=msedgdhp&quot;}\"><span class=\"cta-overlay-text\">Afficher sur Watch<\/span><img decoding=\"async\" src=\"https:\/\/assets.msn.com\/staticsb\/statics\/\/latest\/video-card-wc\/icons\/watch-more.svg\" alt=\"Afficher sur Watch\" \/><\/a><\/div>\n<\/div>\n<\/div>\n<div class=\"video-clear-div\"><\/div>\n<\/div>\n<\/div>\n<\/div>\n<p data-t=\"{&quot;n&quot;:&quot;blueLinks&quot;}\">Elle affirme se fonder sur les crit\u00e8res d\u00e9finis par la Convention des Nations Unies sur le g\u00e9nocide.<\/p>\n<p data-t=\"{&quot;n&quot;:&quot;blueLinks&quot;}\"><em>\u00ab\u00a0Nos conclusions accablantes doivent servir de signal d\u2019alarme \u00e0 la communaut\u00e9 internationale : il s\u2019agit d\u2019un g\u00e9nocide. Cela doit cesser maintenant\u00a0\u00bb,<\/em>\u00a0a ajout\u00e9 Agn\u00e8s Callamard.<\/p>\n<p class=\"continue-read-break\" data-t=\"{&quot;n&quot;:&quot;blueLinks&quot;}\">Amnesty pointe des\u00a0<em>\u00ab\u00a0attaques d\u00e9lib\u00e9r\u00e9es sur les civils et les infrastructures civiles (\u2026), l\u2019usage d\u2019armes hautement explosives dans des zones abondamment peupl\u00e9es\u00a0\u00bb<\/em>, les entraves \u00e0 d\u00e9livrer l\u2019aide humanitaire dans le territoire et le d\u00e9placement forc\u00e9 de 90% de la population.<\/p>\n<p data-t=\"{&quot;n&quot;:&quot;blueLinks&quot;}\">Lire la suite sur <a href=\"https:\/\/www.msn.com\/fr-xl\/actualite\/other\/amnesty-accuse-isra%C3%ABl-de-g%C3%A9nocide-%C3%A0-gaza\/ar-AA1vj3b0?ocid=msedgdhp&amp;pc=U531&amp;cvid=b188a271d1d0496780effcb9b1b72f31&amp;ei=19\">Amnesty accuse Isra\u00ebl de &#8220;g\u00e9nocide&#8221; \u00e0 Gaza<\/a><\/p>\n","protected":false},"excerpt":{"rendered":"<p>L\u2019organisation de d\u00e9fense des droits humains Amnesty International a publi\u00e9 jeudi un rapport accusant Isra\u00ebl de\u00a0\u00ab\u00a0commettre un g\u00e9nocide\u00a0\u00bb\u00a0contre les Palestiniens dans la bande de Gaza depuis le d\u00e9but de la guerre, appelant la communaut\u00e9 internationale \u00e0 ne pas en \u00eatre\u00a0\u00ab\u00a0complice\u00a0\u00bb. \u00ab\u00a0Mois apr\u00e8s mois, Isra\u00ebl a trait\u00e9 les Palestiniens de Gaza comme un groupe de sous-humains, &hellip;<\/p>\n","protected":false},"author":2,"featured_media":12700,"comment_status":"open","ping_status":"open","sticky":false,"template":"","format":"standard","meta":{"footnotes":""},"categories":[18,29],"tags":[],"class_list":["post-12699","post","type-post","status-publish","format-standard","has-post-thumbnail","hentry","category-actualites","category-monde"],"_links":{"self":[{"href":"https:\/\/ladepeche.mr\/index.php?rest_route=\/wp\/v2\/posts\/12699","targetHints":{"allow":["GET"]}}],"collection":[{"href":"https:\/\/ladepeche.mr\/index.php?rest_route=\/wp\/v2\/posts"}],"about":[{"href":"https:\/\/ladepeche.mr\/index.php?rest_route=\/wp\/v2\/types\/post"}],"author":[{"embeddable":true,"href":"https:\/\/ladepeche.mr\/index.php?rest_route=\/wp\/v2\/users\/2"}],"replies":[{"embeddable":true,"href":"https:\/\/ladepeche.mr\/index.php?rest_route=%2Fwp%2Fv2%2Fcomments&post=12699"}],"version-history":[{"count":1,"href":"https:\/\/ladepeche.mr\/index.php?rest_route=\/wp\/v2\/posts\/12699\/revisions"}],"predecessor-version":[{"id":12701,"href":"https:\/\/ladepeche.mr\/index.php?rest_route=\/wp\/v2\/posts\/12699\/revisions\/12701"}],"wp:featuredmedia":[{"embeddable":true,"href":"https:\/\/ladepeche.mr\/index.php?rest_route=\/wp\/v2\/media\/12700"}],"wp:attachment":[{"href":"https:\/\/ladepeche.mr\/index.php?rest_route=%2Fwp%2Fv2%2Fmedia&parent=12699"}],"wp:term":[{"taxonomy":"category","embeddable":true,"href":"https:\/\/ladepeche.mr\/index.php?rest_route=%2Fwp%2Fv2%2Fcategories&post=12699"},{"taxonomy":"post_tag","embeddable":true,"href":"https:\/\/ladepeche.mr\/index.php?rest_route=%2Fwp%2Fv2%2Ftags&post=12699"}],"curies":[{"name":"wp","href":"https:\/\/api.w.org\/{rel}","templated":true}]}}