{"id":12706,"date":"2024-12-05T12:48:13","date_gmt":"2024-12-05T12:48:13","guid":{"rendered":"https:\/\/ladepeche.mr\/?p=12706"},"modified":"2024-12-05T12:49:18","modified_gmt":"2024-12-05T12:49:18","slug":"le-roi-mohammed-vi-preside-un-conseil-des-ministres-consacre-aux-preparatifs-de-la-coupe-du-monde-2030","status":"publish","type":"post","link":"https:\/\/ladepeche.mr\/?p=12706","title":{"rendered":"Le Roi Mohammed VI pr\u00e9side un conseil des ministres consacr\u00e9 aux pr\u00e9paratifs de la coupe du Monde 2030"},"content":{"rendered":"<p>Selon un communiqu\u00e9 du porte-parole du cabinet royal, tout au d\u00e9but des travaux du Conseil des ministres, Fouzi Lekjaa, ministre d\u00e9l\u00e9gu\u00e9 aupr\u00e8s de la ministre de l\u2019Economie et des Finances, charg\u00e9 du Budget, et pr\u00e9sident du Comit\u00e9 Coupe du Monde 2030, a pr\u00e9sent\u00e9 un expos\u00e9 devant Sa Majest\u00e9, sur l\u2019\u00e9tat d\u2019avancement des pr\u00e9paratifs du Royaume pour l\u2019organisation de cet \u00e9v\u00e9nement sportif international.<\/p>\n<p>Le ministre a pass\u00e9 en revue les diff\u00e9rentes phases franchies par le dossier de candidature du Maroc, depuis l\u2019annonce par le Roi, le 14 mars 2023 \u00e0 Kigali, de la pr\u00e9sentation de la candidature conjointe avec l\u2019Espagne et le Portugal pour l\u2019organisation de la Coupe du Monde 2030, ainsi que l\u2019annonce par le Souverain au peuple marocain, le 04 octobre 2023, de la d\u00e9cision du Conseil de la F\u00e9d\u00e9ration internationale de football (FIFA) de retenir \u00e0 l\u2019unanimit\u00e9 le dossier Maroc-Espagne-Portugal comme candidature unique, ce qui a enclench\u00e9 une mobilisation exceptionnelle pour pr\u00e9parer un dossier de candidature r\u00e9pondant aux exigences et pr\u00e9requis du cahier des charges de la FIFA.<\/p>\n<p>Fouzi Lekjaa a ajout\u00e9 que cette candidature tripartite soumise \u00e0 la FIFA, le 29 juillet 2024, est le r\u00e9sultat d\u2019une mobilisation forte et in\u00e9dite de la part des groupes de travail cr\u00e9\u00e9s \u00e0 cet effet, en particulier au niveau des d\u00e9partements minist\u00e9riels, des \u00e9tablissements et entreprises publics, ainsi que des collectivit\u00e9s territoriales et des autorit\u00e9s locales concern\u00e9es.<\/p>\n<p>Le rapport d\u2019\u00e9valuation du dossier de candidature, qui vient d\u2019\u00eatre publi\u00e9 par la FIFA, le 29 novembre 2024, a attribu\u00e9 une note exceptionnelle d\u00e9passant largement les exigences requises et ce, en perspective du vote, de l\u2019attribution de l\u2019organisation de la Coupe du Monde 2030 \u00e0 la candidature tripartite Maroc-Espagne-Portugal, lors du prochain congr\u00e8s extraordinaire du Conseil de la FIFA.<\/p>\n<p>Pour relever le d\u00e9fi d\u2019une organisation \u00e0 la hauteur des aspirations du souverain, le ministre a indiqu\u00e9 qu\u2019il sera proc\u00e9d\u00e9, en ex\u00e9cution des Hautes Directives Royales, \u00e0 la mise en place d\u2019un comit\u00e9 avec une composition \u00e9largie, int\u00e9grant notamment des repr\u00e9sentants de la soci\u00e9t\u00e9 civile, des Marocains du monde, ainsi que des comp\u00e9tences africaines.<\/p>\n<p>La mobilisation sera renforc\u00e9e davantage en coordination avec toutes les parties prenantes pour acc\u00e9l\u00e9rer la mise en \u0153uvre de l\u2019ensemble des chantiers strat\u00e9giques et structurants relatifs \u00e0 l\u2019organisation de cette manifestation internationale, en particulier :<br \/>\n-La mise \u00e0 niveau des stades ;<br \/>\n-L\u2019\u00e9largissement et la r\u00e9novation des a\u00e9roports des six villes h\u00f4tes ;<br \/>\n-L\u2019affermissement des infrastructures routi\u00e8res et la densification des r\u00e9seaux intra-urbains ;<br \/>\n-Le lancement d\u2019un programme de mise \u00e0 niveau territoriale int\u00e9gr\u00e9 qui s\u2019\u00e9tend au-del\u00e0 des villes h\u00f4tes des matchs de la Coupe du Monde;<br \/>\n-Le d\u00e9veloppement des infrastructures h\u00f4teli\u00e8res et commerciales ;<br \/>\n-Le renforcement et la modernisation de l\u2019offre m\u00e9dicale ;<br \/>\n-Le d\u00e9veloppement et la modernisation des r\u00e9seaux de t\u00e9l\u00e9communication ;<br \/>\n-Le lancement d\u2019un vaste programme de formation pour le renforcement des comp\u00e9tences des jeunes.<\/p>\n<p>Au terme de son allocution, Fouzi Lekjaa a affirm\u00e9 que la Coupe du Monde 2030 ne sera pas seulement une comp\u00e9tition sportive, mais \u00e9galement une opportunit\u00e9 unique pour acc\u00e9l\u00e9rer la dynamique de croissance de l\u2019\u00e9conomie nationale au cours des prochaines ann\u00e9es, cr\u00e9er davantage d\u2019opportunit\u00e9s d\u2019emploi et permettre de d\u00e9velopper l\u2019attractivit\u00e9 touristique du pays et promouvoir les valeurs universelles de paix, d\u2019unit\u00e9 et de d\u00e9veloppement durable.<\/p>\n<p>&nbsp;<\/p>\n","protected":false},"excerpt":{"rendered":"<p>Selon un communiqu\u00e9 du porte-parole du cabinet royal, tout au d\u00e9but des travaux du Conseil des ministres, Fouzi Lekjaa, ministre d\u00e9l\u00e9gu\u00e9 aupr\u00e8s de la ministre de l\u2019Economie et des Finances, charg\u00e9 du Budget, et pr\u00e9sident du Comit\u00e9 Coupe du Monde 2030, a pr\u00e9sent\u00e9 un expos\u00e9 devant Sa Majest\u00e9, sur l\u2019\u00e9tat d\u2019avancement des pr\u00e9paratifs du Royaume &hellip;<\/p>\n","protected":false},"author":2,"featured_media":12707,"comment_status":"open","ping_status":"open","sticky":false,"template":"","format":"standard","meta":{"footnotes":""},"categories":[18,29,17],"tags":[],"class_list":["post-12706","post","type-post","status-publish","format-standard","has-post-thumbnail","hentry","category-actualites","category-monde","category-sports"],"_links":{"self":[{"href":"https:\/\/ladepeche.mr\/index.php?rest_route=\/wp\/v2\/posts\/12706","targetHints":{"allow":["GET"]}}],"collection":[{"href":"https:\/\/ladepeche.mr\/index.php?rest_route=\/wp\/v2\/posts"}],"about":[{"href":"https:\/\/ladepeche.mr\/index.php?rest_route=\/wp\/v2\/types\/post"}],"author":[{"embeddable":true,"href":"https:\/\/ladepeche.mr\/index.php?rest_route=\/wp\/v2\/users\/2"}],"replies":[{"embeddable":true,"href":"https:\/\/ladepeche.mr\/index.php?rest_route=%2Fwp%2Fv2%2Fcomments&post=12706"}],"version-history":[{"count":1,"href":"https:\/\/ladepeche.mr\/index.php?rest_route=\/wp\/v2\/posts\/12706\/revisions"}],"predecessor-version":[{"id":12708,"href":"https:\/\/ladepeche.mr\/index.php?rest_route=\/wp\/v2\/posts\/12706\/revisions\/12708"}],"wp:featuredmedia":[{"embeddable":true,"href":"https:\/\/ladepeche.mr\/index.php?rest_route=\/wp\/v2\/media\/12707"}],"wp:attachment":[{"href":"https:\/\/ladepeche.mr\/index.php?rest_route=%2Fwp%2Fv2%2Fmedia&parent=12706"}],"wp:term":[{"taxonomy":"category","embeddable":true,"href":"https:\/\/ladepeche.mr\/index.php?rest_route=%2Fwp%2Fv2%2Fcategories&post=12706"},{"taxonomy":"post_tag","embeddable":true,"href":"https:\/\/ladepeche.mr\/index.php?rest_route=%2Fwp%2Fv2%2Ftags&post=12706"}],"curies":[{"name":"wp","href":"https:\/\/api.w.org\/{rel}","templated":true}]}}