{"id":12726,"date":"2024-12-06T10:05:30","date_gmt":"2024-12-06T10:05:30","guid":{"rendered":"https:\/\/ladepeche.mr\/?p=12726"},"modified":"2024-12-06T10:05:30","modified_gmt":"2024-12-06T10:05:30","slug":"affaire-aziz-le-conseil-constitutionnel-argue-de-lirrecevabilite-du-recours-de-lancien-president","status":"publish","type":"post","link":"https:\/\/ladepeche.mr\/?p=12726","title":{"rendered":"Affaire Aziz: Le conseil constitutionnel argue de l&#8217;irrecevabilit\u00e9 du recours de l&#8217;ancien pr\u00e9sident"},"content":{"rendered":"<p>Le Conseil constitutionnel a rejet\u00e9 le recours d\u00e9pos\u00e9 par la d\u00e9fense de l\u2019ancien pr\u00e9sident mauritanien Mohamed Ould Abdel Aziz contre deux dispositions de la loi anti-corruption sur la base de lesquelles il avait \u00e9t\u00e9 condamn\u00e9 en premi\u00e8re instance, le 54 d\u00e9cembre 2023, pour &#8220;enrichissement illicite et blanchiment&#8221; de deniers publics.<\/p>\n<div class=\"article__header mb-40\">\n<div class=\"headline font-sans -last:mb-30\">\n<p class=\"headline__lead text-18 leading-24 md:text-20 md:leading-26 mt-20\">Une condamnation contre laquelle Mohamed Ould Abdel Aziz avait introduit un appel 13 novembre 2024 \u00e0 Nouakchott.<\/p>\n<\/div>\n<\/div>\n<p>Condamn\u00e9 une premi\u00e8re fois \u00e0 5 ans de prison pour enrichissement illicite et blanchiment d&#8217;argent, l\u2019ancien pr\u00e9sident se fonderait sur &#8220;une violation de la Constitution&#8221; notamment en son article 93 qui stipulerait que l\u2019ex-pr\u00e9sident n\u2019est pas passible des tribunaux ordinaires. La d\u00e9fense s\u2019accroche \u00e0 l\u2019irresponsabilit\u00e9 de l&#8217;ancien pr\u00e9sident pour les actes accomplis pendant ses mandats et pour n\u2019\u00eatre capable de poursuite judiciaire que par la Haute Cour de Justice.<\/p>\n<p>Les divergences d\u2019interpr\u00e9tation ont \u00e9t\u00e9 donc port\u00e9es devant le Conseil Constitutionnel qui a finalement tranch\u00e9 sur l\u2019irrecevabilit\u00e9 du recours pour anti-constitutionnalit\u00e9 des articles invoqu\u00e9e par la d\u00e9fense contre le jugement de condamnation rendu en premi\u00e8re instance contre l\u2019ancien pr\u00e9sident, Mohamed Ould Abdelaziz.<\/p>\n","protected":false},"excerpt":{"rendered":"<p>Le Conseil constitutionnel a rejet\u00e9 le recours d\u00e9pos\u00e9 par la d\u00e9fense de l\u2019ancien pr\u00e9sident mauritanien Mohamed Ould Abdel Aziz contre deux dispositions de la loi anti-corruption sur la base de lesquelles il avait \u00e9t\u00e9 condamn\u00e9 en premi\u00e8re instance, le 54 d\u00e9cembre 2023, pour &#8220;enrichissement illicite et blanchiment&#8221; de deniers publics. Une condamnation contre laquelle Mohamed &hellip;<\/p>\n","protected":false},"author":2,"featured_media":3650,"comment_status":"open","ping_status":"open","sticky":false,"template":"","format":"standard","meta":{"footnotes":""},"categories":[18,31],"tags":[],"class_list":["post-12726","post","type-post","status-publish","format-standard","has-post-thumbnail","hentry","category-actualites","category-politique-et-reportages"],"_links":{"self":[{"href":"https:\/\/ladepeche.mr\/index.php?rest_route=\/wp\/v2\/posts\/12726","targetHints":{"allow":["GET"]}}],"collection":[{"href":"https:\/\/ladepeche.mr\/index.php?rest_route=\/wp\/v2\/posts"}],"about":[{"href":"https:\/\/ladepeche.mr\/index.php?rest_route=\/wp\/v2\/types\/post"}],"author":[{"embeddable":true,"href":"https:\/\/ladepeche.mr\/index.php?rest_route=\/wp\/v2\/users\/2"}],"replies":[{"embeddable":true,"href":"https:\/\/ladepeche.mr\/index.php?rest_route=%2Fwp%2Fv2%2Fcomments&post=12726"}],"version-history":[{"count":1,"href":"https:\/\/ladepeche.mr\/index.php?rest_route=\/wp\/v2\/posts\/12726\/revisions"}],"predecessor-version":[{"id":12727,"href":"https:\/\/ladepeche.mr\/index.php?rest_route=\/wp\/v2\/posts\/12726\/revisions\/12727"}],"wp:featuredmedia":[{"embeddable":true,"href":"https:\/\/ladepeche.mr\/index.php?rest_route=\/wp\/v2\/media\/3650"}],"wp:attachment":[{"href":"https:\/\/ladepeche.mr\/index.php?rest_route=%2Fwp%2Fv2%2Fmedia&parent=12726"}],"wp:term":[{"taxonomy":"category","embeddable":true,"href":"https:\/\/ladepeche.mr\/index.php?rest_route=%2Fwp%2Fv2%2Fcategories&post=12726"},{"taxonomy":"post_tag","embeddable":true,"href":"https:\/\/ladepeche.mr\/index.php?rest_route=%2Fwp%2Fv2%2Ftags&post=12726"}],"curies":[{"name":"wp","href":"https:\/\/api.w.org\/{rel}","templated":true}]}}