{"id":12728,"date":"2024-12-08T11:18:11","date_gmt":"2024-12-08T11:18:11","guid":{"rendered":"https:\/\/ladepeche.mr\/?p=12728"},"modified":"2024-12-08T11:38:07","modified_gmt":"2024-12-08T11:38:07","slug":"conference-africaine-sur-leducation-et-lemploi-des-jeunes-le-president-algerien-annonce-a-nouakchott","status":"publish","type":"post","link":"https:\/\/ladepeche.mr\/?p=12728","title":{"rendered":"Conf\u00e9rence africaine sur l\u2019\u00e9ducation et l\u2019emploi des jeunes\u00a0: Le pr\u00e9sident alg\u00e9rien annonc\u00e9 \u00e0 Nouakchott"},"content":{"rendered":"<p>Le pr\u00e9sident alg\u00e9rien Adelmadjid Tebboune devrait inaugurer, lundi 9 d\u00e9cembre 2024, la premi\u00e8re visite en Mauritanie d\u2019un pr\u00e9sident alg\u00e9rien depuis celle effectu\u00e9e, en 1987, par Chadli Benjdid, voil\u00e0 37 ans maintenant pour l&#8217;inauguration de la raffinerie de Nouadhibou.<\/p>\n<p>La visite qui s\u2019inscrit dans le cadre de la Conf\u00e9rence africaine de Nouakchott sur l\u2019\u00e9ducation trahit l\u2019int\u00e9r\u00eat grandissant de l\u2019Alg\u00e9rie pour la Mauritanie o\u00f9 Alger tente de redoubler sa coop\u00e9ration bilat\u00e9rale avec notre pays.<\/p>\n<p>Ce regain de coop\u00e9ration se veut une alternative \u00e0 l\u2019implosion du cadre de coop\u00e9ration maghr\u00e9bin, apr\u00e8s la mise en place d\u2019un nouveau regroupement politique \u00e0 trois (Alg\u00e9rie, Tunisie et Libye), initi\u00e9 par Alger et qui a marqu\u00e9 une mise \u00e0 l\u2019\u00e9cart de la Mauritanie et du Maroc, les deux autres pays fondateurs de l\u2019UMA.<\/p>\n<p>Route transaharienne, foires commerciales, banque, malgr\u00e9 l\u2019\u00e9chec de certains de ses projets, le gouvernement alg\u00e9rien tente tous azimuts de rattraper son retard de coop\u00e9ration avec la Mauritanie dans la course de leadership r\u00e9gional engag\u00e9e avec son voisin du royaume ch\u00e9rifien.<\/p>\n<p>Rappelons que cette conf\u00e9rence africaine sur l\u2019\u00e9ducation en Mauritanie \u00e0 laquelle prendra part le pr\u00e9sident alg\u00e9rien, est plac\u00e9e sous le th\u00e8me \u00ab \u00e9duquer une Afrique adapt\u00e9e au 21\u00e9 si\u00e8cle \u00bb et qu&#8217;elle se d\u00e9roule du lundi 09 au mercredi 11 d\u00e9cembre 2024.<\/p>\n","protected":false},"excerpt":{"rendered":"<p>Le pr\u00e9sident alg\u00e9rien Adelmadjid Tebboune devrait inaugurer, lundi 9 d\u00e9cembre 2024, la premi\u00e8re visite en Mauritanie d\u2019un pr\u00e9sident alg\u00e9rien depuis celle effectu\u00e9e, en 1987, par Chadli Benjdid, voil\u00e0 37 ans maintenant pour l&#8217;inauguration de la raffinerie de Nouadhibou. La visite qui s\u2019inscrit dans le cadre de la Conf\u00e9rence africaine de Nouakchott sur l\u2019\u00e9ducation trahit l\u2019int\u00e9r\u00eat &hellip;<\/p>\n","protected":false},"author":2,"featured_media":8996,"comment_status":"open","ping_status":"open","sticky":false,"template":"","format":"standard","meta":{"footnotes":""},"categories":[18,29],"tags":[],"class_list":["post-12728","post","type-post","status-publish","format-standard","has-post-thumbnail","hentry","category-actualites","category-monde"],"_links":{"self":[{"href":"https:\/\/ladepeche.mr\/index.php?rest_route=\/wp\/v2\/posts\/12728","targetHints":{"allow":["GET"]}}],"collection":[{"href":"https:\/\/ladepeche.mr\/index.php?rest_route=\/wp\/v2\/posts"}],"about":[{"href":"https:\/\/ladepeche.mr\/index.php?rest_route=\/wp\/v2\/types\/post"}],"author":[{"embeddable":true,"href":"https:\/\/ladepeche.mr\/index.php?rest_route=\/wp\/v2\/users\/2"}],"replies":[{"embeddable":true,"href":"https:\/\/ladepeche.mr\/index.php?rest_route=%2Fwp%2Fv2%2Fcomments&post=12728"}],"version-history":[{"count":2,"href":"https:\/\/ladepeche.mr\/index.php?rest_route=\/wp\/v2\/posts\/12728\/revisions"}],"predecessor-version":[{"id":12744,"href":"https:\/\/ladepeche.mr\/index.php?rest_route=\/wp\/v2\/posts\/12728\/revisions\/12744"}],"wp:featuredmedia":[{"embeddable":true,"href":"https:\/\/ladepeche.mr\/index.php?rest_route=\/wp\/v2\/media\/8996"}],"wp:attachment":[{"href":"https:\/\/ladepeche.mr\/index.php?rest_route=%2Fwp%2Fv2%2Fmedia&parent=12728"}],"wp:term":[{"taxonomy":"category","embeddable":true,"href":"https:\/\/ladepeche.mr\/index.php?rest_route=%2Fwp%2Fv2%2Fcategories&post=12728"},{"taxonomy":"post_tag","embeddable":true,"href":"https:\/\/ladepeche.mr\/index.php?rest_route=%2Fwp%2Fv2%2Ftags&post=12728"}],"curies":[{"name":"wp","href":"https:\/\/api.w.org\/{rel}","templated":true}]}}