{"id":1273,"date":"2022-07-27T09:58:08","date_gmt":"2022-07-27T09:58:08","guid":{"rendered":"https:\/\/ladepeche.mr\/?p=1273"},"modified":"2022-07-27T09:58:46","modified_gmt":"2022-07-27T09:58:46","slug":"lassemblee-nationale-adopte-le-projet-de-loi-de-finances-rectificative-2022","status":"publish","type":"post","link":"https:\/\/ladepeche.mr\/?p=1273","title":{"rendered":"Assembl\u00e9e nationale: adoption du projet de loi de finances rectificative 2022"},"content":{"rendered":"<p>L&#8217;Assembl\u00e9e nationale a adopt\u00e9 mardi au cours d&#8217;une s\u00e9ance pl\u00e9ni\u00e8re, pr\u00e9sid\u00e9e par le premier vice-pr\u00e9sident de l&#8217;Assembl\u00e9e, M. Ahemdy Ould Hamady, le projet de loi de finances rectificative du budget de l\u2019\u00c9tat 2022.<\/p>\n<p>Le projet de loi de finances rectificative pour l&#8217;ann\u00e9e 2022 est \u00e9labor\u00e9 dans un contexte international marqu\u00e9 par une hausse des prix des carburants et des denr\u00e9es alimentaires, une pouss\u00e9e inflationniste et une pression sur les soldes budg\u00e9taires de la plupart des pays dans des conditions avec une persistance de la pand\u00e9mie covid-19.<\/p>\n<p>Ce projet de budget de l\u2019\u00c9tat, y compris les financements ext\u00e9rieurs, s&#8217;\u00e9l\u00e8ve en recettes et en d\u00e9penses \u00e0 108.142.161.346 MRU contre 88.500.000.000 MRU dans de loi de finances initiales.<\/p>\n<p>Au niveau national, la situation est caract\u00e9ris\u00e9e par une inflation de 6%, un taux de croissance pr\u00e9visionnel de 4,5 % contre 4,2 % dans la LFI (loi de finances initiale).<\/p>\n<p>Outre la prise en compte des \u00e9volutions de la conjoncture nationale et internationale, les modifications introduites par le PLFR (projet de loi de finances rectificative) visent \u00e0 prendre en charge la subvention des prix des hydrocarbures, contenir les effets de la pouss\u00e9e inflationniste sur les produits de premi\u00e8res n\u00e9cessit\u00e9, les programmes sociaux et le renforcement des moyens s\u00e9curitaires.<\/p>\n<p>Dans son intervention devant les d\u00e9put\u00e9s, le ministre des finances, M. Isselmou Ould Mohamed M\u2019Bady a remerci\u00e9 les d\u00e9put\u00e9s pour la grande importance qu&#8217;ils accordent \u00e0 la bonne gouvernance et pour l&#8217;int\u00e9r\u00eat qu&#8217;ils accordent \u00e0 l&#8217;am\u00e9lioration des conditions de vie des citoyens.<\/p>\n<p>Il a pr\u00e9cis\u00e9, par la suite, que les am\u00e9nagements budg\u00e9taires sont effectu\u00e9s sur les d\u00e9penses qui concernent l&#8217;abattement sur les d\u00e9penses de fonctionnement non incompressibles \u00e0 hauteur de 5 %, soit 0, 5842 milliards MRU, l&#8217;assainissement des cr\u00e9dits budg\u00e9taires d\u00e9gageant une \u00e9conomie 0, 5846 milliards MRU r\u00e9alis\u00e9e \u00e0 travers notamment l&#8217;annulation des rallonges attribu\u00e9es en 2021 et reconduites en 2022 sans objet, d&#8217;un montant de 0, 15 milliards MRU.<\/p>\n<p>Le ministre a \u00e9galement not\u00e9 une diminution des int\u00e9r\u00eats de la dette de 0,66 milliards suite \u00e0 la r\u00e9vision de cette pr\u00e9vision et des \u00e9conomies diverses (un projet cl\u00f4tur\u00e9, autres \u00e9conomies pour certaines activit\u00e9s non r\u00e9alisables) pour un montant de 0, 15 milliards MRU, ajoutant que la subvention des hydrocarbures a atteint 13,2 milliards MRU, celle des produits de premi\u00e8res n\u00e9cessit\u00e9 4, 16 milliards MRU et les d\u00e9penses de s\u00e9curit\u00e9 1,55 milliards MRU.<\/p>\n<p>M. Isselmou Ould Mohamed M\u2019Bady a aussi assur\u00e9 que la situation \u00e9conomique est bien maitris\u00e9e et que les indicateurs sont positifs en g\u00e9n\u00e9ral avant d&#8217;indiquer que les rubriques de d\u00e9penses de gestion de tous les d\u00e9partements ont \u00e9t\u00e9 r\u00e9duites pour ceux qui peuvent les supporter.<\/p>\n<p>De leur c\u00f4t\u00e9, les d\u00e9put\u00e9s ont insist\u00e9 sur la n\u00e9cessit\u00e9 de poursuivre l&#8217;appui aux hydrocarbures, aux produits de premi\u00e8res n\u00e9cessit\u00e9s, au pouvoir d&#8217;achat pour r\u00e9duire les effets de la crise sur les populations, en particulier celles \u00e0 faibles revenus en plus de l&#8217;augmentation de la masse salariale. Ils ont demand\u00e9 une action pour assurer le respect des prix de transport qui ont connu une grande augmentation et l&#8217;arr\u00eat des sp\u00e9culations pour prot\u00e9ger les citoyens.<\/p>\n<p>Les d\u00e9put\u00e9s ont soulign\u00e9 l&#8217;importance d&#8217;orienter les citoyens vers l&#8217;agriculture pour atteindre l&#8217;autosuffisance alimentaire avant d&#8217;appeler \u00e0 la r\u00e9vision de la promotion de la politique sociale, en particulier le cash transfert, la priorit\u00e9 \u00e0 l&#8217;emploi et les activit\u00e9s g\u00e9n\u00e9ratrices de revenu.<\/p>\n<p>Les d\u00e9put\u00e9s ont renouvel\u00e9 leur insistance sur la lutte contre gabegie, la redynamisation des m\u00e9canismes de contr\u00f4le afin que les budgets soient utilis\u00e9es pour ce \u00e0 quoi ils sont destin\u00e9s.<\/p>\n<p>Ami<\/p>\n","protected":false},"excerpt":{"rendered":"<p>L&#8217;Assembl\u00e9e nationale a adopt\u00e9 mardi au cours d&#8217;une s\u00e9ance pl\u00e9ni\u00e8re, pr\u00e9sid\u00e9e par le premier vice-pr\u00e9sident de l&#8217;Assembl\u00e9e, M. Ahemdy Ould Hamady, le projet de loi de finances rectificative du budget de l\u2019\u00c9tat 2022. Le projet de loi de finances rectificative pour l&#8217;ann\u00e9e 2022 est \u00e9labor\u00e9 dans un contexte international marqu\u00e9 par une hausse des prix &hellip;<\/p>\n","protected":false},"author":2,"featured_media":1274,"comment_status":"open","ping_status":"open","sticky":false,"template":"","format":"standard","meta":{"footnotes":""},"categories":[18,2],"tags":[],"class_list":["post-1273","post","type-post","status-publish","format-standard","has-post-thumbnail","hentry","category-actualites","category-economie"],"_links":{"self":[{"href":"https:\/\/ladepeche.mr\/index.php?rest_route=\/wp\/v2\/posts\/1273","targetHints":{"allow":["GET"]}}],"collection":[{"href":"https:\/\/ladepeche.mr\/index.php?rest_route=\/wp\/v2\/posts"}],"about":[{"href":"https:\/\/ladepeche.mr\/index.php?rest_route=\/wp\/v2\/types\/post"}],"author":[{"embeddable":true,"href":"https:\/\/ladepeche.mr\/index.php?rest_route=\/wp\/v2\/users\/2"}],"replies":[{"embeddable":true,"href":"https:\/\/ladepeche.mr\/index.php?rest_route=%2Fwp%2Fv2%2Fcomments&post=1273"}],"version-history":[{"count":2,"href":"https:\/\/ladepeche.mr\/index.php?rest_route=\/wp\/v2\/posts\/1273\/revisions"}],"predecessor-version":[{"id":1276,"href":"https:\/\/ladepeche.mr\/index.php?rest_route=\/wp\/v2\/posts\/1273\/revisions\/1276"}],"wp:featuredmedia":[{"embeddable":true,"href":"https:\/\/ladepeche.mr\/index.php?rest_route=\/wp\/v2\/media\/1274"}],"wp:attachment":[{"href":"https:\/\/ladepeche.mr\/index.php?rest_route=%2Fwp%2Fv2%2Fmedia&parent=1273"}],"wp:term":[{"taxonomy":"category","embeddable":true,"href":"https:\/\/ladepeche.mr\/index.php?rest_route=%2Fwp%2Fv2%2Fcategories&post=1273"},{"taxonomy":"post_tag","embeddable":true,"href":"https:\/\/ladepeche.mr\/index.php?rest_route=%2Fwp%2Fv2%2Ftags&post=1273"}],"curies":[{"name":"wp","href":"https:\/\/api.w.org\/{rel}","templated":true}]}}