{"id":12741,"date":"2024-12-08T13:00:13","date_gmt":"2024-12-08T13:00:13","guid":{"rendered":"https:\/\/ladepeche.mr\/?p=12741"},"modified":"2024-12-08T11:36:25","modified_gmt":"2024-12-08T11:36:25","slug":"mauritanie-super-d1-moctar-bouzouma-suspendu-un-an-pour-agression-envers-un-arbitre","status":"publish","type":"post","link":"https:\/\/ladepeche.mr\/?p=12741","title":{"rendered":"Mauritanie \u2013 Super D1 : Moctar Bouzouma suspendu un an pour agression envers un arbitre"},"content":{"rendered":"<p>Ce samedi 7 d\u00e9cembre, la commission de discipline de la F\u00e9d\u00e9ration de Football de la R\u00e9publique Islamique de Mauritanie (FFRIM) a pris une d\u00e9cision ferme. Moctar Bouzouma est suspendu de toute fonction li\u00e9e au football pour une dur\u00e9e d\u2019un an. Il \u00e9cope \u00e9galement d\u2019une amende d\u2019environ 290 euros.<\/p>\n<p><strong>Les faits reproch\u00e9s<\/strong><\/p>\n<p>La sanction d\u00e9coule d\u2019un incident survenu lors de la 9\u1d49 journ\u00e9e de Super D1. La rencontre opposait Chemal FC au FC Nouadhibou. Apr\u00e8s le coup de sifflet final, scellant une d\u00e9faite 2-0 de Chemal FC, Moctar Bouzouma a envahi la pelouse pour s\u2019en prendre \u00e0 l\u2019arbitre central, Abdel Aziz Bouh.<\/p>\n<p>Bien qu\u2019aucune l\u00e9sion n\u2019ait \u00e9t\u00e9 constat\u00e9e, cet acte d\u2019agression a \u00e9t\u00e9 jug\u00e9 inacceptable par les instances disciplinaires.<\/p>\n<p><strong>Une nouvelle nomination controvers\u00e9e<\/strong><\/p>\n<p>Ironie de la situation, Chemal FC avait r\u00e9cemment officialis\u00e9 la nomination de Moctar Bouzouma comme directeur sportif en d\u00e9but de saison. Ancien membre du FC Tevragh-Zeina et manager g\u00e9n\u00e9ral de l\u2019\u00e9quipe nationale de beach soccer, Bouzouma avait rejoint le club nordiste avec l\u2019ambition d\u2019apporter son exp\u00e9rience. Cependant, son comportement lors de ce match met \u00e0 mal cette image et ternit la r\u00e9putation du football mauritanien.<\/p>\n<p><strong>R\u00e9actions mitig\u00e9es<\/strong><\/p>\n<p>La d\u00e9cision de la commission de discipline a suscit\u00e9 des r\u00e9actions vari\u00e9es. Certains estiment que la sanction est juste et n\u00e9cessaire pour pr\u00e9server l\u2019int\u00e9grit\u00e9 du sport. Par contre, d\u2019autres appellent \u00e0 une certaine indulgence envers Bouzouma.<\/p>\n<p>Africa Foot United via cridem.org<\/p>\n","protected":false},"excerpt":{"rendered":"<p>Ce samedi 7 d\u00e9cembre, la commission de discipline de la F\u00e9d\u00e9ration de Football de la R\u00e9publique Islamique de Mauritanie (FFRIM) a pris une d\u00e9cision ferme. Moctar Bouzouma est suspendu de toute fonction li\u00e9e au football pour une dur\u00e9e d\u2019un an. Il \u00e9cope \u00e9galement d\u2019une amende d\u2019environ 290 euros. Les faits reproch\u00e9s La sanction d\u00e9coule d\u2019un &hellip;<\/p>\n","protected":false},"author":2,"featured_media":12742,"comment_status":"open","ping_status":"open","sticky":false,"template":"","format":"standard","meta":{"footnotes":""},"categories":[1],"tags":[],"class_list":["post-12741","post","type-post","status-publish","format-standard","has-post-thumbnail","hentry","category-uncategorized"],"_links":{"self":[{"href":"https:\/\/ladepeche.mr\/index.php?rest_route=\/wp\/v2\/posts\/12741","targetHints":{"allow":["GET"]}}],"collection":[{"href":"https:\/\/ladepeche.mr\/index.php?rest_route=\/wp\/v2\/posts"}],"about":[{"href":"https:\/\/ladepeche.mr\/index.php?rest_route=\/wp\/v2\/types\/post"}],"author":[{"embeddable":true,"href":"https:\/\/ladepeche.mr\/index.php?rest_route=\/wp\/v2\/users\/2"}],"replies":[{"embeddable":true,"href":"https:\/\/ladepeche.mr\/index.php?rest_route=%2Fwp%2Fv2%2Fcomments&post=12741"}],"version-history":[{"count":1,"href":"https:\/\/ladepeche.mr\/index.php?rest_route=\/wp\/v2\/posts\/12741\/revisions"}],"predecessor-version":[{"id":12743,"href":"https:\/\/ladepeche.mr\/index.php?rest_route=\/wp\/v2\/posts\/12741\/revisions\/12743"}],"wp:featuredmedia":[{"embeddable":true,"href":"https:\/\/ladepeche.mr\/index.php?rest_route=\/wp\/v2\/media\/12742"}],"wp:attachment":[{"href":"https:\/\/ladepeche.mr\/index.php?rest_route=%2Fwp%2Fv2%2Fmedia&parent=12741"}],"wp:term":[{"taxonomy":"category","embeddable":true,"href":"https:\/\/ladepeche.mr\/index.php?rest_route=%2Fwp%2Fv2%2Fcategories&post=12741"},{"taxonomy":"post_tag","embeddable":true,"href":"https:\/\/ladepeche.mr\/index.php?rest_route=%2Fwp%2Fv2%2Ftags&post=12741"}],"curies":[{"name":"wp","href":"https:\/\/api.w.org\/{rel}","templated":true}]}}