{"id":12746,"date":"2024-12-08T15:17:06","date_gmt":"2024-12-08T15:17:06","guid":{"rendered":"https:\/\/ladepeche.mr\/?p=12746"},"modified":"2024-12-08T15:17:06","modified_gmt":"2024-12-08T15:17:06","slug":"syrie-qui-sont-les-rebelles-qui-ont-fait-tomber-le-regime-et-quid-de-la-suite","status":"publish","type":"post","link":"https:\/\/ladepeche.mr\/?p=12746","title":{"rendered":"Syrie : qui sont les rebelles qui ont fait tomber le r\u00e9gime et quid de la suite ?"},"content":{"rendered":"<p style=\"padding-left: 40px; text-align: left;\">\nLa coalition de groupes rebelles qui a fait tomber le r\u00e9gime de Bachar al-Assad est notamment dirig\u00e9e par les islamistes de Hayat Tahrir al-Sham (HTS).<\/p>\n<p>La coalition de groupes rebelles qui a fait tomber le r\u00e9gime de Bachar al-Assad est dirig\u00e9e par les islamistes de Hayat Tahrir al-Sham (HTS), ainsi que par un groupe de milices syriennes soutenues par la Turquie, appel\u00e9 l&#8217;Arm\u00e9e nationale syrienne.<\/p>\n<p>Les deux groupes \u00e9taient retranch\u00e9s dans le nord-ouest du pays. Ils ont lanc\u00e9 une offensive fulgurante le 27 novembre en s&#8217;emparant d&#8217;abord d&#8217;Alep, la plus grande ville de Syrie, puis de la ville centrale de Hama, la quatri\u00e8me plus grande ville du pays.<\/p>\n<div class=\"c-ad c-ad-sticky-floor c-advertising-sticky-floor sales-advertising-sticky-floor u-hide-for-medium\">\n<div class=\"c-ad__adzone advertising js-adzone\" data-ad-id=\"adzone-sticky-floor_1\" data-ad-type=\"stickyFloor\" data-ad-position=\"1\"><\/div>\n<div class=\"c-ad__background\"><\/div>\n<p><button class=\"c-ad__btn-close\" type=\"button\"><img loading=\"lazy\" decoding=\"async\" src=\"https:\/\/static.euronews.com\/website\/images\/icons\/icon-cross-10x10-grey-6.svg\" alt=\"Close advertising\" width=\"10\" height=\"10\" \/><\/button><\/div>\n<p>Le HTS tire ses origines d&#8217;al-Qa\u00efda et est consid\u00e9r\u00e9 comme une organisation terroriste par les \u00c9tats-Unis et les Nations unies. Mais le groupe a d\u00e9clar\u00e9 ces derni\u00e8res ann\u00e9es avoir coup\u00e9 les liens avec al-Qa\u00efda, et les experts affirment que le HTS a cherch\u00e9 \u00e0 se remodeler ces derni\u00e8res ann\u00e9es en se concentrant sur la promotion d&#8217;un gouvernement civil sur son territoire ainsi que sur l&#8217;action militaire.<\/p>\n<p>Le chef du HTS, Abu Mohammed al-Golani, a d\u00e9clar\u00e9 \u00e0 CNN, lors d&#8217;une interview exclusive r\u00e9alis\u00e9e jeudi depuis la Syrie, que l&#8217;objectif de l&#8217;offensive \u00e9tait de renverser le gouvernement d&#8217;al-Assad.<\/p>\n<h2>Possibles dissensions \u00e0 venir ?<\/h2>\n<p>Le HTS et l&#8217;Arm\u00e9e nationale syrienne ont \u00e9t\u00e9 tant\u00f4t alli\u00e9s, tant\u00f4t rivaux, et leurs objectifs pourraient diverger.<\/p>\n<p>Les milices soutenues par la Turquie ont \u00e9galement int\u00e9r\u00eat \u00e0 cr\u00e9er une zone tampon pr\u00e8s de la fronti\u00e8re turque afin d&#8217;\u00e9loigner les militants kurdes en d\u00e9saccord avec Ankara. La Turquie a \u00e9t\u00e9 l&#8217;un des principaux soutiens des combattants qui cherchaient \u00e0 renverser al-Assad, mais elle a r\u00e9cemment appel\u00e9 \u00e0 la r\u00e9conciliation, et les responsables turcs ont fermement rejet\u00e9 les all\u00e9gations d&#8217;implication dans l&#8217;offensive actuelle.<\/p>\n<p>La question est maintenant de savoir si le HTS et l&#8217;Arm\u00e9e nationale syrienne travailleront ensemble ou s&#8217;ils se retourneront \u00e0 nouveau l&#8217;un contre l&#8217;autre.<\/p>\n<div class=\"advertising advertising--no-label js-adzone outstream\" data-ad-id=\"adzone-outstream_1\" data-ad-type=\"outstream\" data-ad-position=\"1\"><\/div>\n<h2>D&#8217;autres ont profit\u00e9 de l&#8217;occasion<\/h2>\n<p>Si l&#8217;offensive \u00e9clair contre le gouvernement syrien a d\u00e9but\u00e9 dans le nord, les groupes d&#8217;opposition arm\u00e9s se sont \u00e9galement mobilis\u00e9s ailleurs.<\/p>\n<p>Les r\u00e9gions m\u00e9ridionales de Sweida et de Daraa ont toutes deux \u00e9t\u00e9 prises localement. Sweida est le c\u0153ur de la minorit\u00e9 religieuse druze de Syrie et a \u00e9t\u00e9 le th\u00e9\u00e2tre de manifestations antigouvernementales r\u00e9guli\u00e8res.<\/p>\n<p>Daraa est une r\u00e9gion musulmane sunnite largement consid\u00e9r\u00e9e comme le berceau du soul\u00e8vement contre le r\u00e9gime de Bachar al-Assad qui a \u00e9clat\u00e9 en 2011. En 2018, les troupes gouvernementales syriennes ont repris Daraa, mais les rebelles sont rest\u00e9s dans certaines zones. Ces derni\u00e8res ann\u00e9es, Daraa a connu un calme pr\u00e9caire dans le cadre d&#8217;un accord de cessez-le-feu conclu sous la m\u00e9diation de la Russie.<\/p>\n<p>Une grande partie de l&#8217;est de la Syrie est contr\u00f4l\u00e9e par les Forces d\u00e9mocratiques syriennes, un groupe dirig\u00e9 par les Kurdes et soutenu par les \u00c9tats-Unis qui, par le pass\u00e9, s&#8217;est oppos\u00e9 \u00e0 la plupart des autres groupes arm\u00e9s du pays.<\/p>\n<div class=\"advertising advertising--no-label advertising--native js-adzone\" data-ad-id=\"adzone-native_1\" data-ad-type=\"native\" data-ad-position=\"1\"><\/div>\n<h2>Quelles sont les prochaines \u00e9tapes ?<\/h2>\n<p>Bachar al-Assad a semble-t-il \u00e9t\u00e9 livr\u00e9 \u00e0 lui-m\u00eame, car ses alli\u00e9s, la Russie et l&#8217;Iran, \u00e9taient occup\u00e9s par d&#8217;autres conflits et le Hezbollah, bas\u00e9 au Liban, a \u00e9t\u00e9 affaibli par sa guerre avec Isra\u00ebl, qui fait d\u00e9sormais l&#8217;objet d&#8217;un cessez-le-feu fragile.<\/p>\n<p>Le Premier ministre Mohammad Ghazi al-Jalali s&#8217;est dit pr\u00eat \u00e0 coop\u00e9rer avec <em>&#8220;tout leadership que choisira le peuple syrien.&#8221;<\/em> Les forces rebelles ont d\u00e9clar\u00e9 \u00eatre en contact avec lui et ont interdit aux <em>&#8220;forces militaires de s&#8217;approcher des institutions publiques.&#8221;<\/em><\/p>\n<p>L&#8217;envoy\u00e9 sp\u00e9cial de l&#8217;ONU pour la Syrie, Geir Pedersen, a indiqu\u00e9 peu avant la chute de Bacchar al-Assad qu&#8217;il souhaitait des discussions urgentes \u00e0 Gen\u00e8ve afin de garantir une <em>&#8220;transition politique ordonn\u00e9e&#8221;<\/em>. Il a rencontr\u00e9 les ministres des Affaires \u00e9trang\u00e8res et les hauts diplomates de huit pays cl\u00e9s, dont l&#8217;Arabie saoudite, la Russie, l&#8217;\u00c9gypte, la Turquie et l&#8217;Iran, en marge du sommet de Doha.<\/p>\n<p>Euronews<\/p>\n<p>&nbsp;<\/p>\n<p>&nbsp;<\/p>\n","protected":false},"excerpt":{"rendered":"<p>La coalition de groupes rebelles qui a fait tomber le r\u00e9gime de Bachar al-Assad est notamment dirig\u00e9e par les islamistes de Hayat Tahrir al-Sham (HTS). La coalition de groupes rebelles qui a fait tomber le r\u00e9gime de Bachar al-Assad est dirig\u00e9e par les islamistes de Hayat Tahrir al-Sham (HTS), ainsi que par un groupe de &hellip;<\/p>\n","protected":false},"author":2,"featured_media":12747,"comment_status":"open","ping_status":"open","sticky":false,"template":"","format":"standard","meta":{"footnotes":""},"categories":[18,29],"tags":[],"class_list":["post-12746","post","type-post","status-publish","format-standard","has-post-thumbnail","hentry","category-actualites","category-monde"],"_links":{"self":[{"href":"https:\/\/ladepeche.mr\/index.php?rest_route=\/wp\/v2\/posts\/12746","targetHints":{"allow":["GET"]}}],"collection":[{"href":"https:\/\/ladepeche.mr\/index.php?rest_route=\/wp\/v2\/posts"}],"about":[{"href":"https:\/\/ladepeche.mr\/index.php?rest_route=\/wp\/v2\/types\/post"}],"author":[{"embeddable":true,"href":"https:\/\/ladepeche.mr\/index.php?rest_route=\/wp\/v2\/users\/2"}],"replies":[{"embeddable":true,"href":"https:\/\/ladepeche.mr\/index.php?rest_route=%2Fwp%2Fv2%2Fcomments&post=12746"}],"version-history":[{"count":1,"href":"https:\/\/ladepeche.mr\/index.php?rest_route=\/wp\/v2\/posts\/12746\/revisions"}],"predecessor-version":[{"id":12748,"href":"https:\/\/ladepeche.mr\/index.php?rest_route=\/wp\/v2\/posts\/12746\/revisions\/12748"}],"wp:featuredmedia":[{"embeddable":true,"href":"https:\/\/ladepeche.mr\/index.php?rest_route=\/wp\/v2\/media\/12747"}],"wp:attachment":[{"href":"https:\/\/ladepeche.mr\/index.php?rest_route=%2Fwp%2Fv2%2Fmedia&parent=12746"}],"wp:term":[{"taxonomy":"category","embeddable":true,"href":"https:\/\/ladepeche.mr\/index.php?rest_route=%2Fwp%2Fv2%2Fcategories&post=12746"},{"taxonomy":"post_tag","embeddable":true,"href":"https:\/\/ladepeche.mr\/index.php?rest_route=%2Fwp%2Fv2%2Ftags&post=12746"}],"curies":[{"name":"wp","href":"https:\/\/api.w.org\/{rel}","templated":true}]}}