{"id":12749,"date":"2024-12-09T13:40:43","date_gmt":"2024-12-09T13:40:43","guid":{"rendered":"https:\/\/ladepeche.mr\/?p=12749"},"modified":"2024-12-09T13:48:55","modified_gmt":"2024-12-09T13:48:55","slug":"le-roi-mohammed-vi-a-subi-avec-succes-une-operation-chirurgicale-a-la-clinique-du-palais-royal-de-rabat","status":"publish","type":"post","link":"https:\/\/ladepeche.mr\/?p=12749","title":{"rendered":"Le Roi Mohammed VI  a subi avec \u2018\u2019 succ\u00e8s une op\u00e9ration chirurgicale\u2019\u2019 \u00e0 la clinique du Palais Royal de Rabat"},"content":{"rendered":"<p style=\"font-weight: 400; text-align: left;\">Rabat \u2013 \u2018\u2019 Au cours d\u2019une activit\u00e9 sportive habituelle effectu\u00e9e, dimanche 8 d\u00e9cembre 2024, Sa Majest\u00e9 le Roi Mohammed VI, a eu une chute occasionnant traumatisme de l\u2019\u00e9paule gauche avec fracture de l\u2019hum\u00e9rus\u2019\u2019.<\/p>\n<p style=\"font-weight: 400;\">Selon le communiqu\u00e9 de l\u2019\u00e9quipe m\u00e9dicale, compos\u00e9e de professeurs sp\u00e9cialis\u00e9s en traumatologie, \u2018\u2019 cette fracture a n\u00e9cessit\u00e9 une intervention chirurgicale, qui s\u2019est d\u00e9roul\u00e9e avec succ\u00e8s \u00e0 la clinique du Palais Royal \u00e0 Rabat\u2019\u2019.<\/p>\n<p style=\"font-weight: 400;\">A l\u2019issue de cette intervention, et selon le m\u00eame communiqu\u00e9, \u2018\u2019 l\u2019\u00e9paule gauche de Sa Majest\u00e9 le Roi sera immobilis\u00e9e pendant une dur\u00e9e de 45 jours, suivie d\u2019une p\u00e9riode de r\u00e9\u00e9ducation fonctionnelle\u2019\u2019.<\/p>\n<p style=\"font-weight: 400;\">\u2018\u2019 Puisse Dieu pr\u00e9server Sa Majest\u00e9 le Roi, Lui accorder prompt r\u00e9tablissement et Le combler des bienfaits de la sant\u00e9\u201d.<\/p>\n<p style=\"font-weight: 400;\">Communiqu\u00e9 de l\u2019\u00e9quipe m\u00e9dicale compos\u00e9e de professeurs sp\u00e9cialis\u00e9s en traumatologie :<\/p>\n<p style=\"font-weight: 400;\">Pr Belyamani Lahcen, m\u00e9decin personnel de Sa Majest\u00e9 Le Roi;<\/p>\n<p style=\"font-weight: 400;\">Pr Zine Ali;<\/p>\n<p style=\"font-weight: 400;\">Pr Bouabid Salim;<\/p>\n<p style=\"font-weight: 400;\">Pr Benchekroun Mohammed;<\/p>\n<p style=\"font-weight: 400;\">Professeurs traumatologues \u00e0 l\u2019h\u00f4pital d\u2019instruction militaire Mohammed V de Rabat.<\/p>\n","protected":false},"excerpt":{"rendered":"<p>Rabat \u2013 \u2018\u2019 Au cours d\u2019une activit\u00e9 sportive habituelle effectu\u00e9e, dimanche 8 d\u00e9cembre 2024, Sa Majest\u00e9 le Roi Mohammed VI, a eu une chute occasionnant traumatisme de l\u2019\u00e9paule gauche avec fracture de l\u2019hum\u00e9rus\u2019\u2019. Selon le communiqu\u00e9 de l\u2019\u00e9quipe m\u00e9dicale, compos\u00e9e de professeurs sp\u00e9cialis\u00e9s en traumatologie, \u2018\u2019 cette fracture a n\u00e9cessit\u00e9 une intervention chirurgicale, qui s\u2019est &hellip;<\/p>\n","protected":false},"author":2,"featured_media":12750,"comment_status":"open","ping_status":"open","sticky":false,"template":"","format":"standard","meta":{"footnotes":""},"categories":[18],"tags":[],"class_list":["post-12749","post","type-post","status-publish","format-standard","has-post-thumbnail","hentry","category-actualites"],"_links":{"self":[{"href":"https:\/\/ladepeche.mr\/index.php?rest_route=\/wp\/v2\/posts\/12749","targetHints":{"allow":["GET"]}}],"collection":[{"href":"https:\/\/ladepeche.mr\/index.php?rest_route=\/wp\/v2\/posts"}],"about":[{"href":"https:\/\/ladepeche.mr\/index.php?rest_route=\/wp\/v2\/types\/post"}],"author":[{"embeddable":true,"href":"https:\/\/ladepeche.mr\/index.php?rest_route=\/wp\/v2\/users\/2"}],"replies":[{"embeddable":true,"href":"https:\/\/ladepeche.mr\/index.php?rest_route=%2Fwp%2Fv2%2Fcomments&post=12749"}],"version-history":[{"count":2,"href":"https:\/\/ladepeche.mr\/index.php?rest_route=\/wp\/v2\/posts\/12749\/revisions"}],"predecessor-version":[{"id":12752,"href":"https:\/\/ladepeche.mr\/index.php?rest_route=\/wp\/v2\/posts\/12749\/revisions\/12752"}],"wp:featuredmedia":[{"embeddable":true,"href":"https:\/\/ladepeche.mr\/index.php?rest_route=\/wp\/v2\/media\/12750"}],"wp:attachment":[{"href":"https:\/\/ladepeche.mr\/index.php?rest_route=%2Fwp%2Fv2%2Fmedia&parent=12749"}],"wp:term":[{"taxonomy":"category","embeddable":true,"href":"https:\/\/ladepeche.mr\/index.php?rest_route=%2Fwp%2Fv2%2Fcategories&post=12749"},{"taxonomy":"post_tag","embeddable":true,"href":"https:\/\/ladepeche.mr\/index.php?rest_route=%2Fwp%2Fv2%2Ftags&post=12749"}],"curies":[{"name":"wp","href":"https:\/\/api.w.org\/{rel}","templated":true}]}}