{"id":12753,"date":"2024-12-09T15:24:12","date_gmt":"2024-12-09T15:24:12","guid":{"rendered":"https:\/\/ladepeche.mr\/?p=12753"},"modified":"2024-12-09T15:24:12","modified_gmt":"2024-12-09T15:24:12","slug":"mauritanie-retour-a-nouakchott-du-president-de-la-republique","status":"publish","type":"post","link":"https:\/\/ladepeche.mr\/?p=12753","title":{"rendered":"Mauritanie : retour \u00e0 Nouakchott du Pr\u00e9sident de la R\u00e9publique"},"content":{"rendered":"<p>Le Pr\u00e9sident de la R\u00e9publique, Son Excellence Monsieur Mohamed Ould Cheikh El Ghazouani a regagn\u00e9 Nouakchott lundi matin en provenance d\u2019Abu Dhabi o\u00f9 il a assist\u00e9 aux c\u00e9l\u00e9brations marquant le 53\u00e8me Jour de la f\u00e9d\u00e9ration des \u00c9mirats Arabes Unis.<\/p>\n<p>Le Pr\u00e9sident de la R\u00e9publique a \u00e9t\u00e9 accueilli \u00e0 l\u2019a\u00e9roport international de Nouakchott \u00abOum Tounsy \u00bb par le Premier ministre, M. Mokhtar Ould Djay, le ministre secr\u00e9taire g\u00e9n\u00e9ral de la pr\u00e9sidence de la R\u00e9publique, M. Moulay Ould Mohamed Laghdaf, les ministres conseillers de la pr\u00e9sidence de la R\u00e9publique M. Mohamed Ould Abdallahi Ould Ethmane, Mme A\u00efchata Ba Yahi, le ministre de la Justice,<\/p>\n<p>M. Mohamed Mahmoud Ould Boye, le ministre des Affaires Etrang\u00e8res, de la Coop\u00e9ration Africaine et des Mauritaniens de l\u2019Ext\u00e9rieur, M. Mohamed Salem Ould Merzoug, le ministre de la D\u00e9fense, des Retrait\u00e9s et des Enfants des Martyrs, M. Hanana Ould Sidi, le ministre de l\u2019Int\u00e9rieur, de la Promotion de la D\u00e9centralisation et du D\u00e9veloppement local, M. Mohamed Ahmed Ould Mohamed Lemine, le chef d\u2019\u00e9tat-major particulier du Pr\u00e9sident de la R\u00e9publique, la directrice adjointe de cabinet du Pr\u00e9sident de la R\u00e9publique, le wali de Nouakchott Ouest et le vice-pr\u00e9sident du conseil r\u00e9gional de Nouakchott.<\/p>\n<p>Le Pr\u00e9sident de la R\u00e9publique \u00e9tait accompagn\u00e9 pat une importante d\u00e9l\u00e9gation comprenant :<\/p>\n<p>-M. Nani Ould Chrougha, ministre charg\u00e9 de cabinet du Pr\u00e9sident de la R\u00e9publique,<\/p>\n<p>-M. Mohamed Ould Ahmed Salem Ould Mohamed Rara<\/p>\n<p>-M. Ahmed Ould Bah dit Hmeida, conseiller \u00e0 la Pr\u00e9sidence de la R\u00e9publique,<\/p>\n<p>-M. Izidbih Ould Mohamed Mahmoud, conseiller \u00e0 la Pr\u00e9sidence de la R\u00e9publique,<\/p>\n<p>-M. El Hassen Ould Ahmed, directeur g\u00e9n\u00e9ral du Protocole d\u2019\u00c9tat.<\/p>\n<p>Ami<\/p>\n","protected":false},"excerpt":{"rendered":"<p>Le Pr\u00e9sident de la R\u00e9publique, Son Excellence Monsieur Mohamed Ould Cheikh El Ghazouani a regagn\u00e9 Nouakchott lundi matin en provenance d\u2019Abu Dhabi o\u00f9 il a assist\u00e9 aux c\u00e9l\u00e9brations marquant le 53\u00e8me Jour de la f\u00e9d\u00e9ration des \u00c9mirats Arabes Unis. Le Pr\u00e9sident de la R\u00e9publique a \u00e9t\u00e9 accueilli \u00e0 l\u2019a\u00e9roport international de Nouakchott \u00abOum Tounsy \u00bb &hellip;<\/p>\n","protected":false},"author":2,"featured_media":12754,"comment_status":"open","ping_status":"open","sticky":false,"template":"","format":"standard","meta":{"footnotes":""},"categories":[18],"tags":[],"class_list":["post-12753","post","type-post","status-publish","format-standard","has-post-thumbnail","hentry","category-actualites"],"_links":{"self":[{"href":"https:\/\/ladepeche.mr\/index.php?rest_route=\/wp\/v2\/posts\/12753","targetHints":{"allow":["GET"]}}],"collection":[{"href":"https:\/\/ladepeche.mr\/index.php?rest_route=\/wp\/v2\/posts"}],"about":[{"href":"https:\/\/ladepeche.mr\/index.php?rest_route=\/wp\/v2\/types\/post"}],"author":[{"embeddable":true,"href":"https:\/\/ladepeche.mr\/index.php?rest_route=\/wp\/v2\/users\/2"}],"replies":[{"embeddable":true,"href":"https:\/\/ladepeche.mr\/index.php?rest_route=%2Fwp%2Fv2%2Fcomments&post=12753"}],"version-history":[{"count":1,"href":"https:\/\/ladepeche.mr\/index.php?rest_route=\/wp\/v2\/posts\/12753\/revisions"}],"predecessor-version":[{"id":12755,"href":"https:\/\/ladepeche.mr\/index.php?rest_route=\/wp\/v2\/posts\/12753\/revisions\/12755"}],"wp:featuredmedia":[{"embeddable":true,"href":"https:\/\/ladepeche.mr\/index.php?rest_route=\/wp\/v2\/media\/12754"}],"wp:attachment":[{"href":"https:\/\/ladepeche.mr\/index.php?rest_route=%2Fwp%2Fv2%2Fmedia&parent=12753"}],"wp:term":[{"taxonomy":"category","embeddable":true,"href":"https:\/\/ladepeche.mr\/index.php?rest_route=%2Fwp%2Fv2%2Fcategories&post=12753"},{"taxonomy":"post_tag","embeddable":true,"href":"https:\/\/ladepeche.mr\/index.php?rest_route=%2Fwp%2Fv2%2Ftags&post=12753"}],"curies":[{"name":"wp","href":"https:\/\/api.w.org\/{rel}","templated":true}]}}