{"id":12758,"date":"2024-12-09T15:44:33","date_gmt":"2024-12-09T15:44:33","guid":{"rendered":"https:\/\/ladepeche.mr\/?p=12758"},"modified":"2024-12-09T15:44:33","modified_gmt":"2024-12-09T15:44:33","slug":"les-rencontres-litteraires-de-nouakchott-font-la-part-belle-aux-jeunes-auteurs","status":"publish","type":"post","link":"https:\/\/ladepeche.mr\/?p=12758","title":{"rendered":"Les rencontres litt\u00e9raires de Nouakchott font la part belle aux jeunes auteurs"},"content":{"rendered":"<p>Ils sont venus d\u2019Espagne, du S\u00e9n\u00e9gal, de France, de Tunisie, de Maurice et de Mauritanie pour \u00ab\u00c9crire, nos libert\u00e9s\u00bb \u00e0 l\u2019invitation de l\u2019association Travers\u00e9es Mauritanides. Le Centre culturel marocain de Nouakchott a \u00e9t\u00e9 le th\u00e9\u00e2tre de la finale du concours \u00abG\u00e9nies en Herbes\u00bb.<\/p>\n<p><em>\u00ab\u00c9crire, c\u2019est se mettre \u00e0 nu. Laisser parler son encre, loin de ses horizons. S\u2019exposer aux jugements aussi. Mais peu importe, si nous en avons fait le choix. Et cette \u00e9dition des Travers\u00e9es Mauritanides tient le fanal. En 15 ans, de rendez-vous litt\u00e9raires, nous avons lib\u00e9r\u00e9 et reconstruit des paroles. Des auteurs ont partag\u00e9 nos complicit\u00e9s, des lieux accueilli nos r\u00e9cits et confessions. Au nom de la litt\u00e9rature !\u00bb\u00a0<\/em>telle est la pr\u00e9face de<em>\u00a0<\/em>Bios Diallo, journaliste et \u00e9crivain, directeur des rencontres litt\u00e9raires de Nouakchott qui en sont \u00e0 leur 15e \u00e9dition.<\/p>\n<p>Des lyc\u00e9es et \u00e9coles de la capitale mauritanienne, comme\u00a0<em>Diam Ly et Averro\u00e8s ont \u00e9t\u00e9 dignement repr\u00e9sent\u00e9s au\u00a0<\/em>concours \u00abG\u00e9nies en Herbes\u00bb au Centre culturel marocain de Nouakchott (CCMN).<\/p>\n<p>Bios Diallo a rappel\u00e9 le choix du th\u00e8me en insistant sur l\u2019importance de la libert\u00e9 de penser, d\u2019exprimer ses opinions, d\u2019\u00e9crire dans le cadre des activit\u00e9s de presse ou \u00e0 travers la litt\u00e9rature,&#8230; Il aborde l\u2019importance du concours des g\u00e9nies en herbes, qui permet d\u2019accompagner l\u2019\u00e9volution des plus jeunes et salue les rapports de partenariat avec le Centre culturel marocain de Nouakchott (CCMN), qui accompagne les rencontres litt\u00e9raires \u00abTravers\u00e9es Mauritanides\u00bb depuis plus d\u2019une d\u00e9cennie.<\/p>\n<p>Pour sa part, Bouna Ahmed, directeur de l\u2019\u00e9cole \u00abNoura\u00bb salue le concept de \u00abG\u00e9nies en herbe\u00bb qui permet de d\u00e9velopper plusieurs qualit\u00e9s et facult\u00e9s chez les plus jeunes, et plaide en faveur d\u2019une organisation plus r\u00e9guli\u00e8re de l\u2019\u00e9preuve. Quant \u00e0 Mohamed Yaghoub, comp\u00e9titeur du \u00abG\u00e9nies en herbe\u00bb donne des indications sur sa prestation lors de cette comp\u00e9tition. https:\/\/afrique.le360.ma\/culture\/les-rencontres-litteraires-de-nouakchott-font-la-part-belle-aux-jeunes-auteurs_O4P5WZ5OLNFXNDY2W7HRSEVRW4\/<\/p>\n<p><iframe loading=\"lazy\" title=\"Les rencontres litt\u00e9raires de Nouakchott font la part belle aux jeunes auteurs\" width=\"500\" height=\"281\" src=\"https:\/\/www.youtube.com\/embed\/5B920enU-VA?feature=oembed\" frameborder=\"0\" allow=\"accelerometer; autoplay; clipboard-write; encrypted-media; gyroscope; picture-in-picture; web-share\" referrerpolicy=\"strict-origin-when-cross-origin\" allowfullscreen><\/iframe><\/p>\n<p>&nbsp;<\/p>\n","protected":false},"excerpt":{"rendered":"<p>Ils sont venus d\u2019Espagne, du S\u00e9n\u00e9gal, de France, de Tunisie, de Maurice et de Mauritanie pour \u00ab\u00c9crire, nos libert\u00e9s\u00bb \u00e0 l\u2019invitation de l\u2019association Travers\u00e9es Mauritanides. Le Centre culturel marocain de Nouakchott a \u00e9t\u00e9 le th\u00e9\u00e2tre de la finale du concours \u00abG\u00e9nies en Herbes\u00bb. \u00ab\u00c9crire, c\u2019est se mettre \u00e0 nu. Laisser parler son encre, loin de &hellip;<\/p>\n","protected":false},"author":2,"featured_media":12759,"comment_status":"open","ping_status":"open","sticky":false,"template":"","format":"standard","meta":{"footnotes":""},"categories":[18,15],"tags":[],"class_list":["post-12758","post","type-post","status-publish","format-standard","has-post-thumbnail","hentry","category-actualites","category-culture"],"_links":{"self":[{"href":"https:\/\/ladepeche.mr\/index.php?rest_route=\/wp\/v2\/posts\/12758","targetHints":{"allow":["GET"]}}],"collection":[{"href":"https:\/\/ladepeche.mr\/index.php?rest_route=\/wp\/v2\/posts"}],"about":[{"href":"https:\/\/ladepeche.mr\/index.php?rest_route=\/wp\/v2\/types\/post"}],"author":[{"embeddable":true,"href":"https:\/\/ladepeche.mr\/index.php?rest_route=\/wp\/v2\/users\/2"}],"replies":[{"embeddable":true,"href":"https:\/\/ladepeche.mr\/index.php?rest_route=%2Fwp%2Fv2%2Fcomments&post=12758"}],"version-history":[{"count":1,"href":"https:\/\/ladepeche.mr\/index.php?rest_route=\/wp\/v2\/posts\/12758\/revisions"}],"predecessor-version":[{"id":12760,"href":"https:\/\/ladepeche.mr\/index.php?rest_route=\/wp\/v2\/posts\/12758\/revisions\/12760"}],"wp:featuredmedia":[{"embeddable":true,"href":"https:\/\/ladepeche.mr\/index.php?rest_route=\/wp\/v2\/media\/12759"}],"wp:attachment":[{"href":"https:\/\/ladepeche.mr\/index.php?rest_route=%2Fwp%2Fv2%2Fmedia&parent=12758"}],"wp:term":[{"taxonomy":"category","embeddable":true,"href":"https:\/\/ladepeche.mr\/index.php?rest_route=%2Fwp%2Fv2%2Fcategories&post=12758"},{"taxonomy":"post_tag","embeddable":true,"href":"https:\/\/ladepeche.mr\/index.php?rest_route=%2Fwp%2Fv2%2Ftags&post=12758"}],"curies":[{"name":"wp","href":"https:\/\/api.w.org\/{rel}","templated":true}]}}