{"id":12761,"date":"2024-12-09T16:07:47","date_gmt":"2024-12-09T16:07:47","guid":{"rendered":"https:\/\/ladepeche.mr\/?p=12761"},"modified":"2024-12-09T16:07:47","modified_gmt":"2024-12-09T16:07:47","slug":"france-un-soutien-disrael-menace-des-manifestants-pro-palestiniens-avec-une-arme","status":"publish","type":"post","link":"https:\/\/ladepeche.mr\/?p=12761","title":{"rendered":"France : Un soutien d&#8217;Isra\u00ebl menace des manifestants pro-palestiniens avec une arme"},"content":{"rendered":"<h4>&#8211; Lors d\u2019une manifestation \u00e0 Paris pour la Palestine, un homme arm\u00e9 d&#8217;un pistolet a menac\u00e9 des militants avant d\u2019\u00eatre arr\u00eat\u00e9 par la police.<\/h4>\n<div class=\"row\">\n<p class=\"selectionShareable\">Un incident alarmant s\u2019est produit ce samedi 7 d\u00e9cembre \u00e0 Paris lors d\u2019une manifestation en soutien \u00e0 la Palestine et au Liban. Un homme identifi\u00e9 comme soutien d\u2019Isra\u00ebl a menac\u00e9 des manifestants pacifiques avec une arme \u00e0 feu apr\u00e8s avoir arrach\u00e9 des pancartes.<\/p>\n<p class=\"selectionShareable\">Cit\u00e9 par \u00ab R\u00e9volution permanente \u00bb, Nicolas Shahshahani, vice-pr\u00e9sident de l&#8217;association EuroPalestine, a indiqu\u00e9 que l\u2019agresseur avait exhib\u00e9 une arme apr\u00e8s une altercation avec des militants. \u00ab Il a sorti un flingue de sa ceinture. Nos camarades ont imm\u00e9diatement alert\u00e9 la police, qui est intervenue rapidement et l\u2019a arr\u00eat\u00e9 \u00bb, a-t-il expliqu\u00e9, ajoutant que des plaintes seraient d\u00e9pos\u00e9es.<\/p>\n<p class=\"selectionShareable\">Un autre manifestant, t\u00e9moin de la sc\u00e8ne, a d\u00e9crit le d\u00e9roulement des \u00e9v\u00e9nements. Apr\u00e8s avoir vu l\u2019agresseur arracher une pancarte et photographier une manifestante, il a confront\u00e9 l\u2019homme. \u00ab Il a ouvert sa veste pour montrer une arme \u00e0 sa ceinture et a r\u00e9p\u00e9t\u00e9 ce geste une seconde fois \u00bb, a rapport\u00e9 Farid, avant de signaler imm\u00e9diatement l\u2019incident aux forces de l\u2019ordre, selon R\u00e9volution permanente.<\/p>\n<p class=\"selectionShareable\">Une vid\u00e9o diffus\u00e9e sur les r\u00e9seaux sociaux par l&#8217;association Urgence Palestine montre l\u2019arrestation de l\u2019homme par la police, l\u2019arme visible \u00e0 sa ceinture.<\/p>\n<p class=\"selectionShareable\">Cet incident intervient dans un contexte de tensions croissantes autour des mobilisations propalestiniennes en France. Ces derniers mois, les soutiens \u00e0 la Palestine d\u00e9noncent une r\u00e9pression accrue et une multiplication des provocations \u00e0 leur encontre.<\/p>\n<p class=\"selectionShareable\">Pour Nicolas Shahshahani, cet acte traduit \u00ab un esprit d\u2019impunit\u00e9 g\u00e9n\u00e9ralis\u00e9 \u00bb qui serait encourag\u00e9 par une \u00ab criminalisation permanente des soutiens \u00e0 la Palestine \u00bb par l\u2019\u00c9tat fran\u00e7ais.<\/p>\n<p class=\"selectionShareable\">Cette manifestation \u00e0 Paris s&#8217;inscrit dans un contexte de tensions accrues au Proche-Orient. Depuis une attaque transfrontali\u00e8re du Hamas en octobre 2023, Isra\u00ebl poursuit son agression sur la bande de Gaza, malgr\u00e9 une r\u00e9solution du Conseil de s\u00e9curit\u00e9 des Nations unies appelant \u00e0 un cessez-le-feu imm\u00e9diat. Depuis, plus de 45 000 personnes ont \u00e9t\u00e9 tu\u00e9es, principalement des enfants et des femmes, et plus de 100 000 autres ont \u00e9t\u00e9 bless\u00e9es, selon les autorit\u00e9s sanitaires palestiniennes.<\/p>\n<p class=\"selectionShareable\">L&#8217;agression isra\u00e9lienne a d\u00e9plac\u00e9 la quasi-totalit\u00e9 de la population du territoire dans le cadre d&#8217;un blocus permanent qui a entra\u00een\u00e9 de graves p\u00e9nuries de nourriture, d&#8217;eau potable et de m\u00e9dicaments. Isra\u00ebl est accus\u00e9 de perp\u00e9trer un \u00ab g\u00e9nocide \u00bb en Palestine, devant la Cour internationale de Justice.<\/p>\n<p class=\"selectionShareable\">La CPI a \u00e9mis le mois dernier des mandats d&#8217;arr\u00eat contre le premier ministre isra\u00e9lien Benyamin Netanyahu, son ancien ministre de la D\u00e9fense, Yoav Gallant, et le chef militaire du Hamas, Mohammed Deif, pour crimes de guerre et crimes contre l\u2019humanit\u00e9 commis notamment dans la bande de Gaza.<\/p>\n<p>aa.com.tr<\/p>\n<\/div>\n","protected":false},"excerpt":{"rendered":"<p>&#8211; Lors d\u2019une manifestation \u00e0 Paris pour la Palestine, un homme arm\u00e9 d&#8217;un pistolet a menac\u00e9 des militants avant d\u2019\u00eatre arr\u00eat\u00e9 par la police. Un incident alarmant s\u2019est produit ce samedi 7 d\u00e9cembre \u00e0 Paris lors d\u2019une manifestation en soutien \u00e0 la Palestine et au Liban. Un homme identifi\u00e9 comme soutien d\u2019Isra\u00ebl a menac\u00e9 des &hellip;<\/p>\n","protected":false},"author":2,"featured_media":12762,"comment_status":"open","ping_status":"open","sticky":false,"template":"","format":"standard","meta":{"footnotes":""},"categories":[18,29],"tags":[],"class_list":["post-12761","post","type-post","status-publish","format-standard","has-post-thumbnail","hentry","category-actualites","category-monde"],"_links":{"self":[{"href":"https:\/\/ladepeche.mr\/index.php?rest_route=\/wp\/v2\/posts\/12761","targetHints":{"allow":["GET"]}}],"collection":[{"href":"https:\/\/ladepeche.mr\/index.php?rest_route=\/wp\/v2\/posts"}],"about":[{"href":"https:\/\/ladepeche.mr\/index.php?rest_route=\/wp\/v2\/types\/post"}],"author":[{"embeddable":true,"href":"https:\/\/ladepeche.mr\/index.php?rest_route=\/wp\/v2\/users\/2"}],"replies":[{"embeddable":true,"href":"https:\/\/ladepeche.mr\/index.php?rest_route=%2Fwp%2Fv2%2Fcomments&post=12761"}],"version-history":[{"count":1,"href":"https:\/\/ladepeche.mr\/index.php?rest_route=\/wp\/v2\/posts\/12761\/revisions"}],"predecessor-version":[{"id":12763,"href":"https:\/\/ladepeche.mr\/index.php?rest_route=\/wp\/v2\/posts\/12761\/revisions\/12763"}],"wp:featuredmedia":[{"embeddable":true,"href":"https:\/\/ladepeche.mr\/index.php?rest_route=\/wp\/v2\/media\/12762"}],"wp:attachment":[{"href":"https:\/\/ladepeche.mr\/index.php?rest_route=%2Fwp%2Fv2%2Fmedia&parent=12761"}],"wp:term":[{"taxonomy":"category","embeddable":true,"href":"https:\/\/ladepeche.mr\/index.php?rest_route=%2Fwp%2Fv2%2Fcategories&post=12761"},{"taxonomy":"post_tag","embeddable":true,"href":"https:\/\/ladepeche.mr\/index.php?rest_route=%2Fwp%2Fv2%2Ftags&post=12761"}],"curies":[{"name":"wp","href":"https:\/\/api.w.org\/{rel}","templated":true}]}}