{"id":12767,"date":"2024-12-09T17:30:50","date_gmt":"2024-12-09T17:30:50","guid":{"rendered":"https:\/\/ladepeche.mr\/?p=12767"},"modified":"2024-12-09T16:55:29","modified_gmt":"2024-12-09T16:55:29","slug":"burkina-traore-limoge-le-premier-ministre-et-dissout-le-gouvernement","status":"publish","type":"post","link":"https:\/\/ladepeche.mr\/?p=12767","title":{"rendered":"Burkina : Traor\u00e9 limoge le Premier ministre et dissout le gouvernement"},"content":{"rendered":"<p data-t=\"{&quot;n&quot;:&quot;blueLinks&quot;}\"><strong>La junte militaire burkinab\u00e8 a annonc\u00e9 la dissolution du gouvernement et le limogeage du Premier ministre Apollinaire Joachim Kyelem de Tambela.<\/strong><\/p>\n<div class=\"article-image-slot image-slot-placeholder\" data-doc-id=\"cms\/api\/amp\/image\/AA1vqyQ9\">\n<div class=\"article-image-slot\">\n<div class=\"article-image-container\" data-t=\"{&quot;n&quot;:&quot;OpenModal&quot;,&quot;t&quot;:13,&quot;b&quot;:8,&quot;c.i&quot;:&quot;AA1vqMSs&quot;,&quot;c.l&quot;:false,&quot;c.t&quot;:13,&quot;c.v&quot;:&quot;news&quot;,&quot;c.c&quot;:&quot;others&quot;,&quot;c.b&quot;:&quot;Euronews fran\u00e7ais&quot;,&quot;c.bi&quot;:&quot;AA2qy7x&quot;,&quot;c.tv&quot;:&quot;politics&quot;,&quot;c.tc&quot;:&quot;government&quot;,&quot;c.hl&quot;:&quot;Burkina : Traor\u00e9 limoge le Premier ministre et dissout le gouvernement&quot;}\" data-test-id=\"AA1vqyQ9\">\n<p data-t=\"{&quot;n&quot;:&quot;blueLinks&quot;}\"><strong>La junte militaire au pouvoir au Burkina Faso a annonc\u00e9, vendredi, la dissolution du gouvernement et le limogeage du Premier ministre Apollinaire Joachim Kyelem de Tambela. Cette d\u00e9cision a \u00e9t\u00e9 officialis\u00e9e par un d\u00e9cret sign\u00e9 par le chef de la junte, Ibrahim Traor\u00e9.<\/strong><\/p>\n<p data-t=\"{&quot;n&quot;:&quot;blueLinks&quot;}\">En attendant la formation d\u2019un nouveau cabinet, les membres de l\u2019ancien gouvernement continueront \u00e0 assurer leurs fonctions. Ce bouleversement intervient alors que la transition burkinab\u00e8, cens\u00e9e ramener le pays \u00e0 un r\u00e9gime civil, est critiqu\u00e9e pour son prolongement.<\/p>\n<div class=\"intra-article-module\" data-t=\"{&quot;n&quot;:&quot;intraArticle&quot;,&quot;t&quot;:13}\">\n<div class=\"articlePageIntraArticleFullWidth ad-slot-placeholder left-image-intra-ad collapsed\" data-ad-index=\"0\">\n<div class=\"intra-article-ad-full left-image-intra-ad\"><\/div>\n<\/div>\n<\/div>\n<p class=\"continue-read-break\" data-t=\"{&quot;n&quot;:&quot;blueLinks&quot;}\">Arriv\u00e9e au pouvoir en septembre 2022 apr\u00e8s un second coup d\u2019\u00c9tat en moins d\u2019un an, la junte avait invoqu\u00e9 l\u2019ins\u00e9curit\u00e9 croissante comme raison principale de sa prise de pouvoir. Pourtant, la situation s\u00e9curitaire reste critique : environ la moiti\u00e9 du territoire burkinab\u00e8 \u00e9chappe au contr\u00f4le de l\u2019\u00c9tat, et les attaques d\u2019extr\u00e9mistes li\u00e9s \u00e0 al-Qa\u00efda et au groupe \u00c9tat islamique continuent de d\u00e9stabiliser le pays.<\/p>\n<p data-t=\"{&quot;n&quot;:&quot;blueLinks&quot;}\">Le Burkina Faso, aux c\u00f4t\u00e9s du Niger et du Mali, s\u2019est \u00e9loign\u00e9 de ses partenaires traditionnels, notamment la France et la CEDEAO. En mai dernier, la junte a prolong\u00e9 la transition de cinq ann\u00e9es, s\u2019attirant de nouvelles critiques de la communaut\u00e9 internationale. <a href=\"https:\/\/www.msn.com\/fr-xl\/actualite\/other\/burkina-traor%C3%A9-limoge-le-premier-ministre-et-dissout-le-gouvernement\/ar-AA1vqMSs?ocid=msedgntp&amp;pc=U531&amp;cvid=68b8a3930f9143d698ad944055fb0a55&amp;ei=14\">Burkina : Traor\u00e9 limoge le Premier ministre et dissout le gouvernement<\/a><\/p>\n<\/div>\n<\/div>\n<\/div>\n","protected":false},"excerpt":{"rendered":"<p>La junte militaire burkinab\u00e8 a annonc\u00e9 la dissolution du gouvernement et le limogeage du Premier ministre Apollinaire Joachim Kyelem de Tambela. La junte militaire au pouvoir au Burkina Faso a annonc\u00e9, vendredi, la dissolution du gouvernement et le limogeage du Premier ministre Apollinaire Joachim Kyelem de Tambela. Cette d\u00e9cision a \u00e9t\u00e9 officialis\u00e9e par un d\u00e9cret &hellip;<\/p>\n","protected":false},"author":2,"featured_media":12768,"comment_status":"open","ping_status":"open","sticky":false,"template":"","format":"standard","meta":{"footnotes":""},"categories":[18,29],"tags":[],"class_list":["post-12767","post","type-post","status-publish","format-standard","has-post-thumbnail","hentry","category-actualites","category-monde"],"_links":{"self":[{"href":"https:\/\/ladepeche.mr\/index.php?rest_route=\/wp\/v2\/posts\/12767","targetHints":{"allow":["GET"]}}],"collection":[{"href":"https:\/\/ladepeche.mr\/index.php?rest_route=\/wp\/v2\/posts"}],"about":[{"href":"https:\/\/ladepeche.mr\/index.php?rest_route=\/wp\/v2\/types\/post"}],"author":[{"embeddable":true,"href":"https:\/\/ladepeche.mr\/index.php?rest_route=\/wp\/v2\/users\/2"}],"replies":[{"embeddable":true,"href":"https:\/\/ladepeche.mr\/index.php?rest_route=%2Fwp%2Fv2%2Fcomments&post=12767"}],"version-history":[{"count":1,"href":"https:\/\/ladepeche.mr\/index.php?rest_route=\/wp\/v2\/posts\/12767\/revisions"}],"predecessor-version":[{"id":12769,"href":"https:\/\/ladepeche.mr\/index.php?rest_route=\/wp\/v2\/posts\/12767\/revisions\/12769"}],"wp:featuredmedia":[{"embeddable":true,"href":"https:\/\/ladepeche.mr\/index.php?rest_route=\/wp\/v2\/media\/12768"}],"wp:attachment":[{"href":"https:\/\/ladepeche.mr\/index.php?rest_route=%2Fwp%2Fv2%2Fmedia&parent=12767"}],"wp:term":[{"taxonomy":"category","embeddable":true,"href":"https:\/\/ladepeche.mr\/index.php?rest_route=%2Fwp%2Fv2%2Fcategories&post=12767"},{"taxonomy":"post_tag","embeddable":true,"href":"https:\/\/ladepeche.mr\/index.php?rest_route=%2Fwp%2Fv2%2Ftags&post=12767"}],"curies":[{"name":"wp","href":"https:\/\/api.w.org\/{rel}","templated":true}]}}