{"id":12770,"date":"2024-12-09T18:00:11","date_gmt":"2024-12-09T18:00:11","guid":{"rendered":"https:\/\/ladepeche.mr\/?p=12770"},"modified":"2024-12-09T16:59:54","modified_gmt":"2024-12-09T16:59:54","slug":"donald-trump-envoie-un-avertissement-fort-a-lotan","status":"publish","type":"post","link":"https:\/\/ladepeche.mr\/?p=12770","title":{"rendered":"Donald Trump envoie un avertissement fort \u00e0 l\u2019OTAN"},"content":{"rendered":"<p data-t=\"{&quot;n&quot;:&quot;blueLinks&quot;}\"><strong>Le nouveau pr\u00e9sident am\u00e9ricain le r\u00e9p\u00e8te :\u00a0 si les autres pays de l\u2019OTAN ne participent pas davantage, les \u00c9tats-Unis quitteront l\u2019Alliance de l\u2019Atlantique Nord.<\/strong><\/p>\n<p data-t=\"{&quot;n&quot;:&quot;blueLinks&quot;}\">\u00ab S\u2019ils paient leurs factures \u00bb, les \u00c9tats-Unis conserveront leur r\u00f4le au sein de l\u2019OTAN, a d\u00e9clar\u00e9 Trump dans une interview exclusive accord\u00e9e\u00a0 \u00e0 la cha\u00eene de t\u00e9l\u00e9vision am\u00e9ricaine NBC. Lorsque l\u2019intervieweur lui a demand\u00e9 s\u2019il quitterait l\u2019alliance si cela ne se produisait pas, Trump a r\u00e9pondu par l\u2019affirmative.<\/p>\n<p data-t=\"{&quot;n&quot;:&quot;blueLinks&quot;}\">Les membres de l\u2019OTAN sont cens\u00e9s consacrer 2 % de leur PIB \u00e0 la d\u00e9fense. Dans la r\u00e9alit\u00e9, bon nombre d\u2019entre eux n\u2019y parviennent pas, ce qui d\u00e9range grandement Trump. Les \u00c9tats-Unis repr\u00e9sentent \u00e0 eux seuls 70 % du budget total de l\u2019OTAN. L\u2019homme d\u2019affaires am\u00e9ricain souhaite donc que les autres \u00c9tats membres participent davantage. <a href=\"https:\/\/www.msn.com\/fr-xl\/actualite\/other\/donald-trump-envoie-un-avertissement-fort-%C3%A0-l-otan\/ar-AA1vwyND?ocid=msedgntp&amp;pc=U531&amp;cvid=68b8a3930f9143d698ad944055fb0a55&amp;ei=40\">Donald Trump envoie un avertissement fort \u00e0 l\u2019OTAN<\/a><\/p>\n<p data-t=\"{&quot;n&quot;:&quot;blueLinks&quot;}\">\n","protected":false},"excerpt":{"rendered":"<p>Le nouveau pr\u00e9sident am\u00e9ricain le r\u00e9p\u00e8te :\u00a0 si les autres pays de l\u2019OTAN ne participent pas davantage, les \u00c9tats-Unis quitteront l\u2019Alliance de l\u2019Atlantique Nord. \u00ab S\u2019ils paient leurs factures \u00bb, les \u00c9tats-Unis conserveront leur r\u00f4le au sein de l\u2019OTAN, a d\u00e9clar\u00e9 Trump dans une interview exclusive accord\u00e9e\u00a0 \u00e0 la cha\u00eene de t\u00e9l\u00e9vision am\u00e9ricaine NBC. Lorsque &hellip;<\/p>\n","protected":false},"author":2,"featured_media":12771,"comment_status":"open","ping_status":"open","sticky":false,"template":"","format":"standard","meta":{"footnotes":""},"categories":[18,29],"tags":[],"class_list":["post-12770","post","type-post","status-publish","format-standard","has-post-thumbnail","hentry","category-actualites","category-monde"],"_links":{"self":[{"href":"https:\/\/ladepeche.mr\/index.php?rest_route=\/wp\/v2\/posts\/12770","targetHints":{"allow":["GET"]}}],"collection":[{"href":"https:\/\/ladepeche.mr\/index.php?rest_route=\/wp\/v2\/posts"}],"about":[{"href":"https:\/\/ladepeche.mr\/index.php?rest_route=\/wp\/v2\/types\/post"}],"author":[{"embeddable":true,"href":"https:\/\/ladepeche.mr\/index.php?rest_route=\/wp\/v2\/users\/2"}],"replies":[{"embeddable":true,"href":"https:\/\/ladepeche.mr\/index.php?rest_route=%2Fwp%2Fv2%2Fcomments&post=12770"}],"version-history":[{"count":1,"href":"https:\/\/ladepeche.mr\/index.php?rest_route=\/wp\/v2\/posts\/12770\/revisions"}],"predecessor-version":[{"id":12772,"href":"https:\/\/ladepeche.mr\/index.php?rest_route=\/wp\/v2\/posts\/12770\/revisions\/12772"}],"wp:featuredmedia":[{"embeddable":true,"href":"https:\/\/ladepeche.mr\/index.php?rest_route=\/wp\/v2\/media\/12771"}],"wp:attachment":[{"href":"https:\/\/ladepeche.mr\/index.php?rest_route=%2Fwp%2Fv2%2Fmedia&parent=12770"}],"wp:term":[{"taxonomy":"category","embeddable":true,"href":"https:\/\/ladepeche.mr\/index.php?rest_route=%2Fwp%2Fv2%2Fcategories&post=12770"},{"taxonomy":"post_tag","embeddable":true,"href":"https:\/\/ladepeche.mr\/index.php?rest_route=%2Fwp%2Fv2%2Ftags&post=12770"}],"curies":[{"name":"wp","href":"https:\/\/api.w.org\/{rel}","templated":true}]}}