{"id":12779,"date":"2024-12-10T13:16:01","date_gmt":"2024-12-10T13:16:01","guid":{"rendered":"https:\/\/ladepeche.mr\/?p=12779"},"modified":"2024-12-10T13:16:01","modified_gmt":"2024-12-10T13:16:01","slug":"proces-daziz-audience-reportee-en-raison-de-labsence-de-la-defense","status":"publish","type":"post","link":"https:\/\/ladepeche.mr\/?p=12779","title":{"rendered":"Proc\u00e8s d\u2019Aziz : Audience report\u00e9e en raison de l\u2019absence de la d\u00e9fense"},"content":{"rendered":"<p>La Cour d\u2019Appel a report\u00e9 le proc\u00e8s de l\u2019ancien pr\u00e9sident Mohamed Ould Abdel Aziz et de ses co-accus\u00e9s \u00e0 mardi, suite \u00e0 l\u2019absence des avocats de d\u00e9fense de l\u2019ancien pr\u00e9sident.<\/p>\n<p>Ces derniers sont all\u00e9s au Conseil Constitutionnel pour obtenir la d\u00e9cision de rejet de l\u2019appel, apr\u00e8s l\u2019ajournement de la session au lendemain.<\/p>\n<p>Le pr\u00e9sident de la Cour a commenc\u00e9 la s\u00e9ance en rejetant la demande de report des audiences jusqu\u2019\u00e0 la publication de la d\u00e9cision au Journal Officiel.<\/p>\n<p>taqadoumy<\/p>\n","protected":false},"excerpt":{"rendered":"<p>La Cour d\u2019Appel a report\u00e9 le proc\u00e8s de l\u2019ancien pr\u00e9sident Mohamed Ould Abdel Aziz et de ses co-accus\u00e9s \u00e0 mardi, suite \u00e0 l\u2019absence des avocats de d\u00e9fense de l\u2019ancien pr\u00e9sident. Ces derniers sont all\u00e9s au Conseil Constitutionnel pour obtenir la d\u00e9cision de rejet de l\u2019appel, apr\u00e8s l\u2019ajournement de la session au lendemain. Le pr\u00e9sident de &hellip;<\/p>\n","protected":false},"author":2,"featured_media":12780,"comment_status":"open","ping_status":"open","sticky":false,"template":"","format":"standard","meta":{"footnotes":""},"categories":[18,31],"tags":[],"class_list":["post-12779","post","type-post","status-publish","format-standard","has-post-thumbnail","hentry","category-actualites","category-politique-et-reportages"],"_links":{"self":[{"href":"https:\/\/ladepeche.mr\/index.php?rest_route=\/wp\/v2\/posts\/12779","targetHints":{"allow":["GET"]}}],"collection":[{"href":"https:\/\/ladepeche.mr\/index.php?rest_route=\/wp\/v2\/posts"}],"about":[{"href":"https:\/\/ladepeche.mr\/index.php?rest_route=\/wp\/v2\/types\/post"}],"author":[{"embeddable":true,"href":"https:\/\/ladepeche.mr\/index.php?rest_route=\/wp\/v2\/users\/2"}],"replies":[{"embeddable":true,"href":"https:\/\/ladepeche.mr\/index.php?rest_route=%2Fwp%2Fv2%2Fcomments&post=12779"}],"version-history":[{"count":1,"href":"https:\/\/ladepeche.mr\/index.php?rest_route=\/wp\/v2\/posts\/12779\/revisions"}],"predecessor-version":[{"id":12781,"href":"https:\/\/ladepeche.mr\/index.php?rest_route=\/wp\/v2\/posts\/12779\/revisions\/12781"}],"wp:featuredmedia":[{"embeddable":true,"href":"https:\/\/ladepeche.mr\/index.php?rest_route=\/wp\/v2\/media\/12780"}],"wp:attachment":[{"href":"https:\/\/ladepeche.mr\/index.php?rest_route=%2Fwp%2Fv2%2Fmedia&parent=12779"}],"wp:term":[{"taxonomy":"category","embeddable":true,"href":"https:\/\/ladepeche.mr\/index.php?rest_route=%2Fwp%2Fv2%2Fcategories&post=12779"},{"taxonomy":"post_tag","embeddable":true,"href":"https:\/\/ladepeche.mr\/index.php?rest_route=%2Fwp%2Fv2%2Ftags&post=12779"}],"curies":[{"name":"wp","href":"https:\/\/api.w.org\/{rel}","templated":true}]}}