{"id":12789,"date":"2024-12-15T12:24:35","date_gmt":"2024-12-15T12:24:35","guid":{"rendered":"https:\/\/ladepeche.mr\/?p=12789"},"modified":"2024-12-15T12:24:35","modified_gmt":"2024-12-15T12:24:35","slug":"la-presidente-de-lassemblee-nationale-francaise-reitere-le-soutien-de-la-france-a-la-souverainete-du-maroc-sur-son-sahara","status":"publish","type":"post","link":"https:\/\/ladepeche.mr\/?p=12789","title":{"rendered":"La Pr\u00e9sidente de l\u2019Assembl\u00e9e nationale fran\u00e7aise r\u00e9it\u00e8re le soutien de la France \u00e0 la souverainet\u00e9 du Maroc sur son Sahara"},"content":{"rendered":"<p>La Pr\u00e9sidente de l\u2019Assembl\u00e9e nationale de la R\u00e9publique fran\u00e7aise, Ya\u00ebl Braun-Pivet, a r\u00e9it\u00e9r\u00e9, vendredi \u00e0 Rabat, le soutien de la France \u00e0 la souverainet\u00e9 du Maroc sur son Sahara.<\/p>\n<p>Mme Braun-Pivet, qui s\u2019exprimait \u00e0 la Chambre des Repr\u00e9sentants \u00e0 l\u2019occasion du s\u00e9minaire de cl\u00f4ture du jumelage institutionnel Maroc-Union europ\u00e9enne, a affirm\u00e9 que la France, forte de ses liens historiques, culturels et strat\u00e9giques avec le Maroc, &#8220;continuera \u00e0 soutenir le Royaume face \u00e0 ses enjeux existentiels&#8221;, comme celui du Sahara.<\/p>\n<p>Elle a ainsi r\u00e9affirm\u00e9 la position de la France qui estime que le pr\u00e9sent et l\u2019avenir du Sahara &#8220;s\u2019inscrivent dans le cadre de la souverainet\u00e9 marocaine&#8221;.<\/p>\n<p>L\u2019Assembl\u00e9e nationale fran\u00e7aise prendra toute sa part pour accompagner le d\u00e9veloppement remarquable de ce territoire, aux c\u00f4t\u00e9s des op\u00e9rateurs et entreprises fran\u00e7ais, a poursuivi Mme Braun-Pivet.<\/p>\n<p>Elle a, dans ce sens, fait savoir qu&#8217;une mission parlementaire pourrait se rendre prochainement au Sahara, notamment pour encourager la conclusion de nouveaux partenariats \u00e9conomiques ou culturels, tous au profit des populations locales.<\/p>\n<p>MAP<\/p>\n","protected":false},"excerpt":{"rendered":"<p>La Pr\u00e9sidente de l\u2019Assembl\u00e9e nationale de la R\u00e9publique fran\u00e7aise, Ya\u00ebl Braun-Pivet, a r\u00e9it\u00e9r\u00e9, vendredi \u00e0 Rabat, le soutien de la France \u00e0 la souverainet\u00e9 du Maroc sur son Sahara. Mme Braun-Pivet, qui s\u2019exprimait \u00e0 la Chambre des Repr\u00e9sentants \u00e0 l\u2019occasion du s\u00e9minaire de cl\u00f4ture du jumelage institutionnel Maroc-Union europ\u00e9enne, a affirm\u00e9 que la France, forte &hellip;<\/p>\n","protected":false},"author":2,"featured_media":12790,"comment_status":"open","ping_status":"open","sticky":false,"template":"","format":"standard","meta":{"footnotes":""},"categories":[18],"tags":[],"class_list":["post-12789","post","type-post","status-publish","format-standard","has-post-thumbnail","hentry","category-actualites"],"_links":{"self":[{"href":"https:\/\/ladepeche.mr\/index.php?rest_route=\/wp\/v2\/posts\/12789","targetHints":{"allow":["GET"]}}],"collection":[{"href":"https:\/\/ladepeche.mr\/index.php?rest_route=\/wp\/v2\/posts"}],"about":[{"href":"https:\/\/ladepeche.mr\/index.php?rest_route=\/wp\/v2\/types\/post"}],"author":[{"embeddable":true,"href":"https:\/\/ladepeche.mr\/index.php?rest_route=\/wp\/v2\/users\/2"}],"replies":[{"embeddable":true,"href":"https:\/\/ladepeche.mr\/index.php?rest_route=%2Fwp%2Fv2%2Fcomments&post=12789"}],"version-history":[{"count":1,"href":"https:\/\/ladepeche.mr\/index.php?rest_route=\/wp\/v2\/posts\/12789\/revisions"}],"predecessor-version":[{"id":12791,"href":"https:\/\/ladepeche.mr\/index.php?rest_route=\/wp\/v2\/posts\/12789\/revisions\/12791"}],"wp:featuredmedia":[{"embeddable":true,"href":"https:\/\/ladepeche.mr\/index.php?rest_route=\/wp\/v2\/media\/12790"}],"wp:attachment":[{"href":"https:\/\/ladepeche.mr\/index.php?rest_route=%2Fwp%2Fv2%2Fmedia&parent=12789"}],"wp:term":[{"taxonomy":"category","embeddable":true,"href":"https:\/\/ladepeche.mr\/index.php?rest_route=%2Fwp%2Fv2%2Fcategories&post=12789"},{"taxonomy":"post_tag","embeddable":true,"href":"https:\/\/ladepeche.mr\/index.php?rest_route=%2Fwp%2Fv2%2Ftags&post=12789"}],"curies":[{"name":"wp","href":"https:\/\/api.w.org\/{rel}","templated":true}]}}