{"id":12792,"date":"2024-12-15T12:32:43","date_gmt":"2024-12-15T12:32:43","guid":{"rendered":"https:\/\/ladepeche.mr\/?p=12792"},"modified":"2024-12-15T12:34:47","modified_gmt":"2024-12-15T12:34:47","slug":"cooperation-rim-ue-tete-a-tete-entre-sidahmed-ould-bouh-et-joaquin-tasso-villalonga","status":"publish","type":"post","link":"https:\/\/ladepeche.mr\/?p=12792","title":{"rendered":"Coop\u00e9ration RIM-UE: T\u00eate-\u00e0-t\u00eate entre Sid&#8217;Ahmed Ould Bouh et Joaquin Tasso Villalonga"},"content":{"rendered":"<p>Le ministre de l&#8217;\u00c9conomie et des Finances re\u00e7oit l&#8217;ambassadeur de l&#8217;Union europ\u00e9enne<\/p>\n<p>Son Excellence le ministre de l&#8217;\u00c9conomie et des Finances, M. Sid&#8217;Ahmed Ould Bouh , a re\u00e7u en audience, jeudi matin dans son bureau \u00e0 Nouakchott, l&#8217;ambassadeur de l&#8217;Union europ\u00e9enne accr\u00e9dit\u00e9 aupr\u00e8s de notre pays, SEM. Joaquin Tasso Villalonga.<\/p>\n<p>La rencontre a port\u00e9 sur les perspectives de coop\u00e9ration entre notre pays et l&#8217;Union europ\u00e9enne et les moyens de les renforcer et de les d\u00e9velopper, notamment dans les domaines de l&#8217;\u00e9conomie et des finances.<\/p>\n<p>Le directeur g\u00e9n\u00e9ral des financements et de la coop\u00e9ration \u00e9conomique, Mohamed Salem Ould Nani, et son adjoint, Mahfoud Mahmoud Brahim, ont pris part \u00e0 l&#8217;audience.<\/p>\n","protected":false},"excerpt":{"rendered":"<p>Le ministre de l&#8217;\u00c9conomie et des Finances re\u00e7oit l&#8217;ambassadeur de l&#8217;Union europ\u00e9enne Son Excellence le ministre de l&#8217;\u00c9conomie et des Finances, M. Sid&#8217;Ahmed Ould Bouh , a re\u00e7u en audience, jeudi matin dans son bureau \u00e0 Nouakchott, l&#8217;ambassadeur de l&#8217;Union europ\u00e9enne accr\u00e9dit\u00e9 aupr\u00e8s de notre pays, SEM. Joaquin Tasso Villalonga. La rencontre a port\u00e9 sur &hellip;<\/p>\n","protected":false},"author":2,"featured_media":12795,"comment_status":"open","ping_status":"open","sticky":false,"template":"","format":"standard","meta":{"footnotes":""},"categories":[18,2],"tags":[],"class_list":["post-12792","post","type-post","status-publish","format-standard","has-post-thumbnail","hentry","category-actualites","category-economie"],"_links":{"self":[{"href":"https:\/\/ladepeche.mr\/index.php?rest_route=\/wp\/v2\/posts\/12792","targetHints":{"allow":["GET"]}}],"collection":[{"href":"https:\/\/ladepeche.mr\/index.php?rest_route=\/wp\/v2\/posts"}],"about":[{"href":"https:\/\/ladepeche.mr\/index.php?rest_route=\/wp\/v2\/types\/post"}],"author":[{"embeddable":true,"href":"https:\/\/ladepeche.mr\/index.php?rest_route=\/wp\/v2\/users\/2"}],"replies":[{"embeddable":true,"href":"https:\/\/ladepeche.mr\/index.php?rest_route=%2Fwp%2Fv2%2Fcomments&post=12792"}],"version-history":[{"count":1,"href":"https:\/\/ladepeche.mr\/index.php?rest_route=\/wp\/v2\/posts\/12792\/revisions"}],"predecessor-version":[{"id":12794,"href":"https:\/\/ladepeche.mr\/index.php?rest_route=\/wp\/v2\/posts\/12792\/revisions\/12794"}],"wp:featuredmedia":[{"embeddable":true,"href":"https:\/\/ladepeche.mr\/index.php?rest_route=\/wp\/v2\/media\/12795"}],"wp:attachment":[{"href":"https:\/\/ladepeche.mr\/index.php?rest_route=%2Fwp%2Fv2%2Fmedia&parent=12792"}],"wp:term":[{"taxonomy":"category","embeddable":true,"href":"https:\/\/ladepeche.mr\/index.php?rest_route=%2Fwp%2Fv2%2Fcategories&post=12792"},{"taxonomy":"post_tag","embeddable":true,"href":"https:\/\/ladepeche.mr\/index.php?rest_route=%2Fwp%2Fv2%2Ftags&post=12792"}],"curies":[{"name":"wp","href":"https:\/\/api.w.org\/{rel}","templated":true}]}}