{"id":1280,"date":"2022-07-27T10:51:51","date_gmt":"2022-07-27T10:51:51","guid":{"rendered":"https:\/\/ladepeche.mr\/?p=1280"},"modified":"2022-07-27T10:52:06","modified_gmt":"2022-07-27T10:52:06","slug":"le-president-de-lufp-lannulation-du-dialogue-national-est-un-scandale","status":"publish","type":"post","link":"https:\/\/ladepeche.mr\/?p=1280","title":{"rendered":"Le pr\u00e9sident de l\u2019UFP : \u00ab l\u2019annulation du dialogue national est un scandale&#8230;\u00bb"},"content":{"rendered":"<p>Le pr\u00e9sident du parti union des forces de progr\u00e8s (UFP), Mohamed O. Maouloud, a estim\u00e9 que l\u2019annulation par les autorit\u00e9s de la concertation nationale constituait \u00ab\u00a0un scandale et portait atteinte \u00e0 la cr\u00e9dibilit\u00e9 des engagements du r\u00e9gime.\u00a0\u00bb<\/p>\n<p>Ould Maouloud s\u2019exprimait dimanche lors d\u2019un meeting organis\u00e9 par son parti, \u00e0 l\u2019ancienne maison des jeunes \u00e0 Nouakchott, ajoutant qu\u2019une aile, au sein du pouvoir, a entrain\u00e9 les autorit\u00e9s \u00e0 annuler la concertation.<\/p>\n<p>La commission nationale charg\u00e9e de pr\u00e9parer la concertation nationale avait suspendu, le mois dernier son travail jusqu\u2019\u00e0 nouvel ordre, apr\u00e8s les difficult\u00e9s lors de ses r\u00e9unions apr\u00e8s le retrait de certaines composantes politiques de l\u2019opposition participant \u00e0 la concertation.<\/p>\n<p>Le pr\u00e9sident de l\u2019UFP a r\u00e9affirm\u00e9 que l\u2019opposition, depuis l\u2019arriv\u00e9e au pouvoir du pr\u00e9sident Mohamed O. Cheikh Ghazouani, a \u0153uvr\u00e9 \u00e0 le convaincre de la n\u00e9cessit\u00e9 d\u2019organiser une dialogue national inclusif qui discutera tous les probl\u00e8mes du pays, mais qu\u2019une aile, au sein du r\u00e9gime, l\u2019a incit\u00e9 contre l\u2019opposition et s\u2019est efforc\u00e9 \u00e0 faire \u00e9chouer l\u2019organisation du dialogue.<\/p>\n<p>Ould Maouloud a estim\u00e9 que l\u2019annulation du dialogue national a port\u00e9 pr\u00e9judice plus au pouvoir qu\u2019\u00e0 l\u2019opposition, \u00ab\u00a0les engagements du premier sont d\u00e9sormais l\u2019objet d\u2019un doute et personne n\u2019a d\u00e9sormais confiance en lui\u00a0\u00bb.<\/p>\n<p>Il a ajout\u00e9 que la situation de la Mauritanie n\u2019a pas chang\u00e9 depuis deux ans, r\u00e9affirmant que le peuple mauritanien souffre de l\u2019injustice, des in\u00e9galit\u00e9s et de l\u2019exclusion, des souffrances qu\u2019il partage, appelant \u00e0 l\u2019unit\u00e9 du peuple pour faire face aux dangers qui l\u2019entourent.<\/p>\n<p>\u00ab\u00a0Si le gouvernement est incapable de prot\u00e9ger le peuple contre la faim, il doit partir et laisser le pouvoir\u00a0\u00bb a notamment d\u00e9clar\u00e9 le pr\u00e9sident de l\u2019UFP.<\/p>\n<p>saharam\u00e9dias<\/p>\n","protected":false},"excerpt":{"rendered":"<p>Le pr\u00e9sident du parti union des forces de progr\u00e8s (UFP), Mohamed O. Maouloud, a estim\u00e9 que l\u2019annulation par les autorit\u00e9s de la concertation nationale constituait \u00ab\u00a0un scandale et portait atteinte \u00e0 la cr\u00e9dibilit\u00e9 des engagements du r\u00e9gime.\u00a0\u00bb Ould Maouloud s\u2019exprimait dimanche lors d\u2019un meeting organis\u00e9 par son parti, \u00e0 l\u2019ancienne maison des jeunes \u00e0 Nouakchott, &hellip;<\/p>\n","protected":false},"author":2,"featured_media":1281,"comment_status":"open","ping_status":"open","sticky":false,"template":"","format":"standard","meta":{"footnotes":""},"categories":[18],"tags":[],"class_list":["post-1280","post","type-post","status-publish","format-standard","has-post-thumbnail","hentry","category-actualites"],"_links":{"self":[{"href":"https:\/\/ladepeche.mr\/index.php?rest_route=\/wp\/v2\/posts\/1280","targetHints":{"allow":["GET"]}}],"collection":[{"href":"https:\/\/ladepeche.mr\/index.php?rest_route=\/wp\/v2\/posts"}],"about":[{"href":"https:\/\/ladepeche.mr\/index.php?rest_route=\/wp\/v2\/types\/post"}],"author":[{"embeddable":true,"href":"https:\/\/ladepeche.mr\/index.php?rest_route=\/wp\/v2\/users\/2"}],"replies":[{"embeddable":true,"href":"https:\/\/ladepeche.mr\/index.php?rest_route=%2Fwp%2Fv2%2Fcomments&post=1280"}],"version-history":[{"count":2,"href":"https:\/\/ladepeche.mr\/index.php?rest_route=\/wp\/v2\/posts\/1280\/revisions"}],"predecessor-version":[{"id":1283,"href":"https:\/\/ladepeche.mr\/index.php?rest_route=\/wp\/v2\/posts\/1280\/revisions\/1283"}],"wp:featuredmedia":[{"embeddable":true,"href":"https:\/\/ladepeche.mr\/index.php?rest_route=\/wp\/v2\/media\/1281"}],"wp:attachment":[{"href":"https:\/\/ladepeche.mr\/index.php?rest_route=%2Fwp%2Fv2%2Fmedia&parent=1280"}],"wp:term":[{"taxonomy":"category","embeddable":true,"href":"https:\/\/ladepeche.mr\/index.php?rest_route=%2Fwp%2Fv2%2Fcategories&post=1280"},{"taxonomy":"post_tag","embeddable":true,"href":"https:\/\/ladepeche.mr\/index.php?rest_route=%2Fwp%2Fv2%2Ftags&post=1280"}],"curies":[{"name":"wp","href":"https:\/\/api.w.org\/{rel}","templated":true}]}}