{"id":12813,"date":"2024-12-16T10:35:46","date_gmt":"2024-12-16T10:35:46","guid":{"rendered":"https:\/\/ladepeche.mr\/?p=12813"},"modified":"2024-12-16T10:35:46","modified_gmt":"2024-12-16T10:35:46","slug":"insecurite-au-mali-le-flux-des-refugies-vers-la-mauritanie-a-augmente-de-40-en-2024","status":"publish","type":"post","link":"https:\/\/ladepeche.mr\/?p=12813","title":{"rendered":"Ins\u00e9curit\u00e9 au Mali: Le flux des r\u00e9fugi\u00e9s vers la Mauritanie a augment\u00e9 de 40% en 2024"},"content":{"rendered":"<p>Les flux migratoires vers la Mauritanie prennent des propensions alarmantes qui pr\u00e9occupent les organisations internationales qui op\u00e8rent sur les sites d\u2019arriv\u00e9e des migrants, maliens notamment. Selon l\u2019Unicef, en effet, \u00ab\u00a0L\u2019afflux de r\u00e9fugi\u00e9s de la crise du Sahel vers la Mauritanie a augment\u00e9 de plus de 40 % en 2024, ce qui rend les enfants plus vuln\u00e9rables\u00a0\u00bb note l\u2019organisation onusienne \u00e0 la faveur d\u2019une visite sur le terrain du directeur g\u00e9n\u00e9ral adjoint de l\u2019UNICEF, Ted Chaiban.<\/p>\n<p>Le responsable de l\u2019Unicef parle, sans d\u00e9tour, des d\u00e9fis suscit\u00e9s par l\u2019arriv\u00e9e en masse de nouveaux r\u00e9fugi\u00e9s dont le nombre est pass\u00e9 en 2024 \u00e0 108.000 nouveaux arrivants en provenance du Mali. \u00ab Le Sahel se trouve \u00e0 un tournant critique \u00bb, noteTed Chaiban pr\u00e9cisant que \u00ables enfants de toute la r\u00e9gion sont confront\u00e9s \u00e0 une crise en cascade, qui menace non seulement leur survie, mais aussi la stabilit\u00e9 de leurs communaut\u00e9s et l\u2019avenir de toute la r\u00e9gion\u00a0\u00bb.<\/p>\n<p>L\u2019Unicef lie l\u2019aggravation du d\u00e9placement des populations \u00e0 la nouvelle escalade du conflit en 2023 au Mali. Une crise qui serait all\u00e9e crescendo en 2024, avec les vagues de r\u00e9fugi\u00e9s qui accourent en Mauritanie pour trouver refuge dans les communaut\u00e9s d\u2019accueil, mettant \u00e0 rude \u00e9preuve les ressources locales telles que l\u2019\u00e9ducation, les soins de sant\u00e9, l\u2019eau et la protection de l\u2019enfance.<\/p>\n<p>En avril 2024, d\u00e9j\u00e0, avec l\u2019afflux de r\u00e9fugi\u00e9s maliens, les moyens d\u2019existence dans la r\u00e9gion du Hodh Charghi, seraient \u00ab\u00a0sous forte pression\u00a0\u00bb met en garde Fnews le bulletin d\u2019avril 2024 du Bureau des Nations Unies pour la coordination des affaires humanitaires (OCHA). Une situation d\u2019extr\u00eame urgence humanitaire\u00a0pour laquelle l\u2019Ue a d\u00e9bloqu\u00e9\u00a0une enveloppe de\u00a0200.000 \u20ac\u00a0en fonds humanitaires. Une goutte dans un d\u00e9sert. La situation n\u2019a donc pas cess\u00e9 de se d\u00e9grader alors l\u2019aide humanitaire se fait attendre.<\/p>\n<p>La population de r\u00e9fugi\u00e9s maliens dans la r\u00e9gion du Hodh EChargui est d\u00e9sormais estim\u00e9e \u00e0 260 000 personnes, dont 110 000 sur le camp de M\u2019berra.<\/p>\n","protected":false},"excerpt":{"rendered":"<p>Les flux migratoires vers la Mauritanie prennent des propensions alarmantes qui pr\u00e9occupent les organisations internationales qui op\u00e8rent sur les sites d\u2019arriv\u00e9e des migrants, maliens notamment. Selon l\u2019Unicef, en effet, \u00ab\u00a0L\u2019afflux de r\u00e9fugi\u00e9s de la crise du Sahel vers la Mauritanie a augment\u00e9 de plus de 40 % en 2024, ce qui rend les enfants plus &hellip;<\/p>\n","protected":false},"author":2,"featured_media":12814,"comment_status":"open","ping_status":"open","sticky":false,"template":"","format":"standard","meta":{"footnotes":""},"categories":[18,29],"tags":[],"class_list":["post-12813","post","type-post","status-publish","format-standard","has-post-thumbnail","hentry","category-actualites","category-monde"],"_links":{"self":[{"href":"https:\/\/ladepeche.mr\/index.php?rest_route=\/wp\/v2\/posts\/12813","targetHints":{"allow":["GET"]}}],"collection":[{"href":"https:\/\/ladepeche.mr\/index.php?rest_route=\/wp\/v2\/posts"}],"about":[{"href":"https:\/\/ladepeche.mr\/index.php?rest_route=\/wp\/v2\/types\/post"}],"author":[{"embeddable":true,"href":"https:\/\/ladepeche.mr\/index.php?rest_route=\/wp\/v2\/users\/2"}],"replies":[{"embeddable":true,"href":"https:\/\/ladepeche.mr\/index.php?rest_route=%2Fwp%2Fv2%2Fcomments&post=12813"}],"version-history":[{"count":1,"href":"https:\/\/ladepeche.mr\/index.php?rest_route=\/wp\/v2\/posts\/12813\/revisions"}],"predecessor-version":[{"id":12815,"href":"https:\/\/ladepeche.mr\/index.php?rest_route=\/wp\/v2\/posts\/12813\/revisions\/12815"}],"wp:featuredmedia":[{"embeddable":true,"href":"https:\/\/ladepeche.mr\/index.php?rest_route=\/wp\/v2\/media\/12814"}],"wp:attachment":[{"href":"https:\/\/ladepeche.mr\/index.php?rest_route=%2Fwp%2Fv2%2Fmedia&parent=12813"}],"wp:term":[{"taxonomy":"category","embeddable":true,"href":"https:\/\/ladepeche.mr\/index.php?rest_route=%2Fwp%2Fv2%2Fcategories&post=12813"},{"taxonomy":"post_tag","embeddable":true,"href":"https:\/\/ladepeche.mr\/index.php?rest_route=%2Fwp%2Fv2%2Ftags&post=12813"}],"curies":[{"name":"wp","href":"https:\/\/api.w.org\/{rel}","templated":true}]}}