{"id":12818,"date":"2024-12-16T11:55:44","date_gmt":"2024-12-16T11:55:44","guid":{"rendered":"https:\/\/ladepeche.mr\/?p=12818"},"modified":"2024-12-16T11:55:44","modified_gmt":"2024-12-16T11:55:44","slug":"algerie-lambassadeur-de-france-a-ete-convoque-pour-des-manoeuvres-agressives-rapporte-la-presse-algerienne","status":"publish","type":"post","link":"https:\/\/ladepeche.mr\/?p=12818","title":{"rendered":"Alg\u00e9rie : l&#8217;ambassadeur de France a \u00e9t\u00e9 convoqu\u00e9 pour des \u00ab man\u0153uvres agressives \u00bb, rapporte la presse alg\u00e9rienne"},"content":{"rendered":"<p>L\u2019ambassadeur, St\u00e9phane Romatet, s\u2019est vu \u00ab\u00a0signifier la ferme r\u00e9probation des plus hautes autorit\u00e9s alg\u00e9riennes face aux nombreuses provocations et actes hostiles fran\u00e7ais en direction de l\u2019Alg\u00e9rie\u00a0\u00bb, \u00e9crit le quotidien gouvernemental \u00ab\u00a0El Moudjahid\u00a0\u00bb.<br \/>\nLe minist\u00e8re des affaires \u00e9trang\u00e8res alg\u00e9rien a convoqu\u00e9 la semaine pass\u00e9e l\u2019ambassadeur de France \u00e0 Alger pour adresser <em>\u00ab\u00a0une s\u00e9v\u00e8re mise en garde\u00a0\u00bb<\/em> \u00e0 Paris, accus\u00e9e d\u2019avoir men\u00e9 <em>\u00ab\u00a0des op\u00e9rations et man\u0153uvres agressives\u00a0\u00bb<\/em> pour <em>\u00ab\u00a0d\u00e9stabiliser\u00a0\u00bb<\/em>le pays, ont rapport\u00e9 plusieurs journaux dimanche 15 d\u00e9cembre.<\/p>\n<p>L\u2019ambassadeur, St\u00e9phane Romatet, s\u2019est vu <em>\u00ab\u00a0signifier la ferme r\u00e9probation des plus hautes autorit\u00e9s alg\u00e9riennes face aux nombreuses provocations et actes hostiles fran\u00e7ais en direction de l\u2019Alg\u00e9rie\u00a0\u00bb<\/em>, \u00e9crit le quotidien gouvernemental <em>El Moudjahid<\/em>. Selon <em>Le Soir d\u2019Alg\u00e9rie<\/em>, la partie alg\u00e9rienne a <em>\u00ab\u00a0tenu de vive voix \u00e0 d\u00e9signer clairement l\u2019origine de ces actes malveillants, la DGSE fran\u00e7aise (Direction g\u00e9n\u00e9rale de la s\u00e9curit\u00e9 ext\u00e9rieure)\u00a0\u00bb<\/em>.<\/p>\n<p class=\"article__paragraph \">L\u2019agence de renseignement aurait, selon ce journal, men\u00e9 un certain nombre d\u2019<em>\u00ab\u00a0op\u00e9rations et de man\u0153uvres agressives ciblant des institutions de la R\u00e9publique alg\u00e9rienne dans le but \u00e9vident de les d\u00e9stabiliser et de nuire gravement \u00e0 notre pays\u00a0\u00bb<\/em>.<\/p>\n<h2 class=\"article__sub-title\">Tensions croissantes entre Alger et Paris<\/h2>\n<p class=\"article__paragraph \">La convocation de M. Romatet <em>\u00ab\u00a0sonne comme une s\u00e9v\u00e8re mise en garde, qui intervient au lendemain de graves r\u00e9v\u00e9lations sur l\u2019implication (de la) DGSE, dans une campagne de recrutement d\u2019anciens terroristes en Alg\u00e9rie \u00e0 des fins de d\u00e9stabilisation\u00a0\u00bb<\/em> du pays, selon <em>El Moudjahid<\/em>. La t\u00e9l\u00e9vision nationale et la cha\u00eene publique d\u2019information en continu AL24 News ont r\u00e9cemment diffus\u00e9 un documentaire qui affirmait qu\u2019un <em>\u00ab\u00a0plan machiav\u00e9lique\u00a0\u00bb<\/em> avait \u00e9t\u00e9 <em>\u00ab brillamment d\u00e9jou\u00e9 par les services de s\u00e9curit\u00e9 alg\u00e9riens .<\/em><\/p>\n<p>&nbsp;<\/p>\n<p class=\"article__paragraph \">L\u2019ambassadeur fran\u00e7ais s\u2019est aussi vu reprocher des <em>\u00ab\u00a0faits tout aussi graves, des d\u00e9rapages qui ne rel\u00e8vent plus seulement de l\u2019acte inamical, mais bien d\u2019une volont\u00e9 notoire de nuire grandement \u00e0 l\u2019Alg\u00e9rie\u00a0\u00bb<\/em>, assure <em>Le Soir d\u2019Alg\u00e9rie<\/em>. Il s\u2019agit de <em>\u00ab\u00a0rencontres organis\u00e9es dans les murs de plusieurs repr\u00e9sentations battant pavillon fran\u00e7ais en Alg\u00e9rie et reconnues comme telles, r\u00e9unissant, autour de diplomates fran\u00e7ais de rangs divers, principalement des agents consulaires relevant de la DGSE, des personnes connues pour leur hostilit\u00e9 d\u00e9clar\u00e9e et permanente envers les institutions alg\u00e9riennes\u00a0\u00bb<\/em>, selon ce journal.<\/p>\n<p class=\"article__paragraph \">Ce nouvel \u00e9pisode de tensions entre Alger et Paris survient alors que l\u2019\u00e9crivain franco-alg\u00e9rien Boualem Sansal est en d\u00e9tention depuis pr\u00e8s d\u2019un mois en Alg\u00e9rie notamment pour <em>\u00ab\u00a0atteinte \u00e0 l\u2019int\u00e9grit\u00e9 territoriale\u00a0\u00bb<\/em>. Son interpellation le 16 novembre \u00e0 Alger pourrait \u00eatre due \u00e0 ses d\u00e9clarations sur un m\u00e9dia fran\u00e7ais r\u00e9put\u00e9 d\u2019extr\u00eame-droite o\u00f9 il reprenait la th\u00e8se du Maroc selon laquelle son territoire aurait \u00e9t\u00e9 tronqu\u00e9 en faveur de l\u2019Alg\u00e9rie sous la colonisation fran\u00e7aise.<\/p>\n<p class=\"article__paragraph \">Les relations franco-alg\u00e9riennes \u00e9taient d\u00e9j\u00e0 en pleines turbulences, l\u2019Alg\u00e9rie ayant retir\u00e9 son ambassadeur en France cet \u00e9t\u00e9 apr\u00e8s l\u2019annonce par Paris d\u2019un soutien appuy\u00e9 \u00e0 un plan sous souverainet\u00e9 marocaine pour l\u2019autonomie du Sahara occidental, un territoire revendiqu\u00e9 par les ind\u00e9pendantistes du Front Polisario soutenus par Alger.<\/p>\n<section class=\"author\">\n<p class=\"author__detail\"><span class=\"author__name\">Le Monde avec AFP<\/span><\/p>\n<\/section>\n<p>&nbsp;<\/p>\n<p>&nbsp;<\/p>\n","protected":false},"excerpt":{"rendered":"<p>L\u2019ambassadeur, St\u00e9phane Romatet, s\u2019est vu \u00ab\u00a0signifier la ferme r\u00e9probation des plus hautes autorit\u00e9s alg\u00e9riennes face aux nombreuses provocations et actes hostiles fran\u00e7ais en direction de l\u2019Alg\u00e9rie\u00a0\u00bb, \u00e9crit le quotidien gouvernemental \u00ab\u00a0El Moudjahid\u00a0\u00bb. Le minist\u00e8re des affaires \u00e9trang\u00e8res alg\u00e9rien a convoqu\u00e9 la semaine pass\u00e9e l\u2019ambassadeur de France \u00e0 Alger pour adresser \u00ab\u00a0une s\u00e9v\u00e8re mise en garde\u00a0\u00bb &hellip;<\/p>\n","protected":false},"author":2,"featured_media":12820,"comment_status":"open","ping_status":"open","sticky":false,"template":"","format":"standard","meta":{"footnotes":""},"categories":[18,29],"tags":[],"class_list":["post-12818","post","type-post","status-publish","format-standard","has-post-thumbnail","hentry","category-actualites","category-monde"],"_links":{"self":[{"href":"https:\/\/ladepeche.mr\/index.php?rest_route=\/wp\/v2\/posts\/12818","targetHints":{"allow":["GET"]}}],"collection":[{"href":"https:\/\/ladepeche.mr\/index.php?rest_route=\/wp\/v2\/posts"}],"about":[{"href":"https:\/\/ladepeche.mr\/index.php?rest_route=\/wp\/v2\/types\/post"}],"author":[{"embeddable":true,"href":"https:\/\/ladepeche.mr\/index.php?rest_route=\/wp\/v2\/users\/2"}],"replies":[{"embeddable":true,"href":"https:\/\/ladepeche.mr\/index.php?rest_route=%2Fwp%2Fv2%2Fcomments&post=12818"}],"version-history":[{"count":2,"href":"https:\/\/ladepeche.mr\/index.php?rest_route=\/wp\/v2\/posts\/12818\/revisions"}],"predecessor-version":[{"id":12821,"href":"https:\/\/ladepeche.mr\/index.php?rest_route=\/wp\/v2\/posts\/12818\/revisions\/12821"}],"wp:featuredmedia":[{"embeddable":true,"href":"https:\/\/ladepeche.mr\/index.php?rest_route=\/wp\/v2\/media\/12820"}],"wp:attachment":[{"href":"https:\/\/ladepeche.mr\/index.php?rest_route=%2Fwp%2Fv2%2Fmedia&parent=12818"}],"wp:term":[{"taxonomy":"category","embeddable":true,"href":"https:\/\/ladepeche.mr\/index.php?rest_route=%2Fwp%2Fv2%2Fcategories&post=12818"},{"taxonomy":"post_tag","embeddable":true,"href":"https:\/\/ladepeche.mr\/index.php?rest_route=%2Fwp%2Fv2%2Ftags&post=12818"}],"curies":[{"name":"wp","href":"https:\/\/api.w.org\/{rel}","templated":true}]}}