{"id":12822,"date":"2024-12-17T12:24:18","date_gmt":"2024-12-17T12:24:18","guid":{"rendered":"https:\/\/ladepeche.mr\/?p=12822"},"modified":"2024-12-17T12:24:18","modified_gmt":"2024-12-17T12:24:18","slug":"le-ministre-delegue-charge-du-budget-participe-au-3eme-forum-economique-public-prive-japon-afrique","status":"publish","type":"post","link":"https:\/\/ladepeche.mr\/?p=12822","title":{"rendered":"Le ministre d\u00e9l\u00e9gu\u00e9 charg\u00e9 du Budget participe au 3\u00e8me Forum Economique Public-Priv\u00e9 Japon -Afrique"},"content":{"rendered":"<p>Son Excellence le ministre d\u00e9l\u00e9gu\u00e9 aupr\u00e8s du ministre de l\u2019\u00c9conomie et des Finances, charg\u00e9 du Budget, M. Codioro Moussa N\u2019Guenore , a pris part, \u00e0 la t\u00eate d&#8217;une d\u00e9l\u00e9gation nationale de haut niveau, \u00e0 la troisi\u00e8me \u00e9dition du Forum \u00e9conomique public- priv\u00e9 Japon-Afrique sous le th\u00e8me : &#8220;Collaboration, co-innovation et co-cr\u00e9ation avec l&#8217;Afrique pour d\u00e9velopper notre avenir&#8221; , organis\u00e9 \u00e0 Abidjan le 16 d\u00e9cembre 2024.<\/p>\n<p>Lors de la s\u00e9ance sp\u00e9ciale des ministres africains, le ministre a pr\u00e9sent\u00e9 la vision de la Mauritanie sur son environnement des affaires, son r\u00f4le strat\u00e9gique en tant que porte d\u2019entr\u00e9e vers l\u2019Afrique, ainsi que sur l\u2019importance d\u2019approfondir la coop\u00e9ration entre le Japon et les pays africains.<\/p>\n<p>La d\u00e9l\u00e9gation officielle mauritanienne participant aux travaux du forum comprenait :<br \/>\nSEM. Mohamed Abdallahi Ould Khattra, Ambassadeur de la Mauritanie en C\u00f4te d\u2019Ivoire ;<br \/>\nSEM. Sidiya Ould El Haj, Ambassadeur de la Mauritanie au Japon<br \/>\nM. SY Mamadou, Directeur du Financement a la Direction g\u00e9n\u00e9rale des Financements et de la Coop\u00e9ration \u00c9conomique;<br \/>\nM. Habib Tour\u00e9, Directeur des Investissements \u00e0 l\u2019APIM ;<br \/>\nM. Boukhari Mohamed Moustapha, cadre \u00e0 la direction g\u00e9n\u00e9rale des Partenariats Public-Priv\u00e9.<\/p>\n<p>Cette \u00e9dition a rassembl\u00e9 une forte d\u00e9l\u00e9gation de membres du gouvernement japonais, une trentaine de ministres de pays africains, ainsi que des participants issus d&#8217;institutions internationales et r\u00e9gionales, tant du secteur public que priv\u00e9.<br \/>\nA noter que depuis 2018, le forum se tient en Afrique tous les trois ans pour promouvoir et renforcer les liens commerciaux entre le Japon et l&#8217;Afrique. Les pr\u00e9c\u00e9dentes \u00e9ditions ont eu lieu en Afrique du Sud en 2018 et au Kenya en 2022.<\/p>\n<p>A noter par ailleurs, que le ministre d\u00e9l\u00e9gu\u00e9 charg\u00e9 du Budget s\u2019est entretenu, en marge des travaux du forum, avec le vice-ministre des Affaires \u00e9trang\u00e8res du Japon,\u00a0M. Matsumoto Hisashi.<\/p>\n<p>Au cours de l&#8217;audience, le ministre a \u00e9voqu\u00e9 la strat\u00e9gie de la Mauritanie, les efforts d\u00e9ploy\u00e9s pour stimuler les investissements et dynamiser le secteur priv\u00e9.<br \/>\nIl a \u00e9galement mis en lumi\u00e8re les r\u00e9formes \u00e9conomiques en cours et les opportunit\u00e9s d\u2019investissement qu\u2019offre le pays, connu pour la diversit\u00e9 et l\u2019abondance de ses ressources naturelles, ainsi que les incitations importantes propos\u00e9es aux investisseurs.<br \/>\nIl a \u00e9galement demand\u00e9 plus d\u2019investissement dans le domaine de la transformation des produits de p\u00eache et \u00e0 augmenter le volume d\u2019aide accord\u00e9 \u00e0 la Mauritanie.<\/p>\n","protected":false},"excerpt":{"rendered":"<p>Son Excellence le ministre d\u00e9l\u00e9gu\u00e9 aupr\u00e8s du ministre de l\u2019\u00c9conomie et des Finances, charg\u00e9 du Budget, M. Codioro Moussa N\u2019Guenore , a pris part, \u00e0 la t\u00eate d&#8217;une d\u00e9l\u00e9gation nationale de haut niveau, \u00e0 la troisi\u00e8me \u00e9dition du Forum \u00e9conomique public- priv\u00e9 Japon-Afrique sous le th\u00e8me : &#8220;Collaboration, co-innovation et co-cr\u00e9ation avec l&#8217;Afrique pour d\u00e9velopper &hellip;<\/p>\n","protected":false},"author":2,"featured_media":12823,"comment_status":"open","ping_status":"open","sticky":false,"template":"","format":"standard","meta":{"footnotes":""},"categories":[18,2],"tags":[],"class_list":["post-12822","post","type-post","status-publish","format-standard","has-post-thumbnail","hentry","category-actualites","category-economie"],"_links":{"self":[{"href":"https:\/\/ladepeche.mr\/index.php?rest_route=\/wp\/v2\/posts\/12822","targetHints":{"allow":["GET"]}}],"collection":[{"href":"https:\/\/ladepeche.mr\/index.php?rest_route=\/wp\/v2\/posts"}],"about":[{"href":"https:\/\/ladepeche.mr\/index.php?rest_route=\/wp\/v2\/types\/post"}],"author":[{"embeddable":true,"href":"https:\/\/ladepeche.mr\/index.php?rest_route=\/wp\/v2\/users\/2"}],"replies":[{"embeddable":true,"href":"https:\/\/ladepeche.mr\/index.php?rest_route=%2Fwp%2Fv2%2Fcomments&post=12822"}],"version-history":[{"count":1,"href":"https:\/\/ladepeche.mr\/index.php?rest_route=\/wp\/v2\/posts\/12822\/revisions"}],"predecessor-version":[{"id":12824,"href":"https:\/\/ladepeche.mr\/index.php?rest_route=\/wp\/v2\/posts\/12822\/revisions\/12824"}],"wp:featuredmedia":[{"embeddable":true,"href":"https:\/\/ladepeche.mr\/index.php?rest_route=\/wp\/v2\/media\/12823"}],"wp:attachment":[{"href":"https:\/\/ladepeche.mr\/index.php?rest_route=%2Fwp%2Fv2%2Fmedia&parent=12822"}],"wp:term":[{"taxonomy":"category","embeddable":true,"href":"https:\/\/ladepeche.mr\/index.php?rest_route=%2Fwp%2Fv2%2Fcategories&post=12822"},{"taxonomy":"post_tag","embeddable":true,"href":"https:\/\/ladepeche.mr\/index.php?rest_route=%2Fwp%2Fv2%2Ftags&post=12822"}],"curies":[{"name":"wp","href":"https:\/\/api.w.org\/{rel}","templated":true}]}}