{"id":12833,"date":"2024-12-17T13:00:37","date_gmt":"2024-12-17T13:00:37","guid":{"rendered":"https:\/\/ladepeche.mr\/?p=12833"},"modified":"2024-12-17T12:51:28","modified_gmt":"2024-12-17T12:51:28","slug":"le-president-de-lassemblee-nationale-recoit-le-vice-president-du-comite-national-de-la-ccppc","status":"publish","type":"post","link":"https:\/\/ladepeche.mr\/?p=12833","title":{"rendered":"Le Pr\u00e9sident de l\u2019Assembl\u00e9e nationale re\u00e7oit le Vice-Pr\u00e9sident du Comit\u00e9 National de la CCPPC"},"content":{"rendered":"<div dir=\"auto\">Le Pr\u00e9sident de l\u2019Assembl\u00e9e nationale, Monsieur Mohamed Bemba MEGUETT, a re\u00e7u en audience (lundi 16 d\u00e9cembre 2024) M. Leung Chun YING, Vice-Pr\u00e9sident du Comit\u00e9 National de la Conf\u00e9rence Consultative Politique du Peuple Chinois (CCPPC). Celui-ci \u00e9tait accompagn\u00e9 du Charg\u00e9 d\u2019Affaires de l\u2019ambassade de Chine et de la Directrice de la Fondation GX.<\/div>\n<div dir=\"auto\">Cette rencontre a offert l\u2019opportunit\u00e9 d\u2019\u00e9changer sur les relations de coop\u00e9ration entre la Mauritanie et la R\u00e9publique Populaire de Chine, ainsi que sur des sujets d\u2019int\u00e9r\u00eat commun.<\/div>\n<div dir=\"auto\">L\u2019audience s\u2019est tenue en pr\u00e9sence du 1er Vice-Pr\u00e9sident de l\u2019Assembl\u00e9e nationale, M. Sidney Dramane Sokhona, et de M. Mohamed Yahya Haye, Charg\u00e9 de mission \u00e0 l\u2019Assembl\u00e9e .<\/div>\n<div dir=\"auto\">\u00c0 l\u2019issue de l\u2019audience, une r\u00e9union \u00e9largie pr\u00e9sid\u00e9e par M. Mohamed Bemba MEGUETT s\u2019est d\u00e9roul\u00e9e en pr\u00e9sence d\u2019une dizaine de d\u00e9put\u00e9s issus des groupes parlementaires de la majorit\u00e9 et de l\u2019opposition, ainsi que de la d\u00e9l\u00e9gation chinoise.<\/div>\n<div dir=\"auto\">Lors de cette r\u00e9union, le Pr\u00e9sident de l\u2019Assembl\u00e9e nationale a salu\u00e9 les relations bilat\u00e9rales solides entre la Mauritanie et la R\u00e9publique Populaire de Chine. Il a adress\u00e9 ses f\u00e9licitations pour le r\u00f4le d\u00e9terminant de la Chine dans des secteurs cl\u00e9s comme la sant\u00e9, les infrastructures et d\u2019autres domaines strat\u00e9giques, soulignant que la Chine demeure un partenaire privil\u00e9gi\u00e9 de la Mauritanie.<\/div>\n<div dir=\"auto\">Il a \u00e9galement renouvel\u00e9 sa confiance envers la Chine et a r\u00e9affirm\u00e9 l\u2019importance des axes de coop\u00e9ration qui renforcent les liens entre les deux nations.<\/div>\n<div dir=\"auto\">Pour sa part, M. Leung Chun YING a exprim\u00e9 sa gratitude envers le Pr\u00e9sident de l\u2019Assembl\u00e9e nationale pour son engagement dans la consolidation des relations sino-mauritaniennes. Il a mis en avant l\u2019importance des relations parlementaires dans le renforcement de cette coop\u00e9ration et a sollicit\u00e9 l\u2019appui de Son Excellence Mohamed Bemba MEGUETT pour aller encore plus loin dans cette dynamique.<\/div>\n<div dir=\"auto\">Ami<\/div>\n","protected":false},"excerpt":{"rendered":"<p>Le Pr\u00e9sident de l\u2019Assembl\u00e9e nationale, Monsieur Mohamed Bemba MEGUETT, a re\u00e7u en audience (lundi 16 d\u00e9cembre 2024) M. Leung Chun YING, Vice-Pr\u00e9sident du Comit\u00e9 National de la Conf\u00e9rence Consultative Politique du Peuple Chinois (CCPPC). Celui-ci \u00e9tait accompagn\u00e9 du Charg\u00e9 d\u2019Affaires de l\u2019ambassade de Chine et de la Directrice de la Fondation GX. Cette rencontre a &hellip;<\/p>\n","protected":false},"author":2,"featured_media":12834,"comment_status":"open","ping_status":"open","sticky":false,"template":"","format":"standard","meta":{"footnotes":""},"categories":[18,31],"tags":[],"class_list":["post-12833","post","type-post","status-publish","format-standard","has-post-thumbnail","hentry","category-actualites","category-politique-et-reportages"],"_links":{"self":[{"href":"https:\/\/ladepeche.mr\/index.php?rest_route=\/wp\/v2\/posts\/12833","targetHints":{"allow":["GET"]}}],"collection":[{"href":"https:\/\/ladepeche.mr\/index.php?rest_route=\/wp\/v2\/posts"}],"about":[{"href":"https:\/\/ladepeche.mr\/index.php?rest_route=\/wp\/v2\/types\/post"}],"author":[{"embeddable":true,"href":"https:\/\/ladepeche.mr\/index.php?rest_route=\/wp\/v2\/users\/2"}],"replies":[{"embeddable":true,"href":"https:\/\/ladepeche.mr\/index.php?rest_route=%2Fwp%2Fv2%2Fcomments&post=12833"}],"version-history":[{"count":1,"href":"https:\/\/ladepeche.mr\/index.php?rest_route=\/wp\/v2\/posts\/12833\/revisions"}],"predecessor-version":[{"id":12835,"href":"https:\/\/ladepeche.mr\/index.php?rest_route=\/wp\/v2\/posts\/12833\/revisions\/12835"}],"wp:featuredmedia":[{"embeddable":true,"href":"https:\/\/ladepeche.mr\/index.php?rest_route=\/wp\/v2\/media\/12834"}],"wp:attachment":[{"href":"https:\/\/ladepeche.mr\/index.php?rest_route=%2Fwp%2Fv2%2Fmedia&parent=12833"}],"wp:term":[{"taxonomy":"category","embeddable":true,"href":"https:\/\/ladepeche.mr\/index.php?rest_route=%2Fwp%2Fv2%2Fcategories&post=12833"},{"taxonomy":"post_tag","embeddable":true,"href":"https:\/\/ladepeche.mr\/index.php?rest_route=%2Fwp%2Fv2%2Ftags&post=12833"}],"curies":[{"name":"wp","href":"https:\/\/api.w.org\/{rel}","templated":true}]}}