{"id":12836,"date":"2024-12-18T11:40:26","date_gmt":"2024-12-18T11:40:26","guid":{"rendered":"https:\/\/ladepeche.mr\/?p=12836"},"modified":"2024-12-18T11:40:37","modified_gmt":"2024-12-18T11:40:37","slug":"directeur-general-de-lona-le-projet-dassainissement-de-nouakchott-est-lun-des-plus-importants-projets-de-developpement-dans-lhistoire-de-la-republique","status":"publish","type":"post","link":"https:\/\/ladepeche.mr\/?p=12836","title":{"rendered":"Directeur G\u00e9n\u00e9ral de l\u2019ONAS: le projet d\u2019assainissement de Nouakchott est l\u2019un des plus importants projets de d\u00e9veloppement dans l\u2019histoire de la R\u00e9publique"},"content":{"rendered":"<p>Le projet d\u2019assainissement de la ville de Nouakchott, dont la premi\u00e8re pierre a \u00e9t\u00e9 pos\u00e9e lundi soir par S.E. le Pr\u00e9sident de la R\u00e9publique Mohamed Ould Cheikh El Ghazouani, est consid\u00e9r\u00e9 comme l\u2019un des plus importants projets de d\u00e9veloppement dans l\u2019histoire de la Mauritanie.<\/p>\n<p>Il s\u2019inscrit dans le cadre des manifestations comm\u00e9morant le 64\u00e8me anniversaire de la f\u00eate de l\u2019ind\u00e9pendance nationale et comprend deux composantes principales : l\u2019une pour l\u2019assainissement domestique et l\u2019autre pour le drainage des eaux pluviales, toutes deux devant \u00eatre achev\u00e9es dans 45 mois.<\/p>\n<p>Le co\u00fbt total du projet, ex\u00e9cut\u00e9 par la soci\u00e9t\u00e9 chinoise CMEC avec un autofinancement de l\u2019\u00c9tat mauritanien est de : 177 609 691 dollars am\u00e9ricains, l\u2019\u00c9tat prenant en charge la totalit\u00e9 des co\u00fbts en termes de planification, d\u2019\u00e9tude et d\u2019ex\u00e9cution ; les travaux commenceront par la phase des \u00e9tudes ex\u00e9cutives de ce projet, qui devrait durer huit mois.<\/p>\n<p>Dans un entretien avec l\u2019Agence Mauritanienne d\u2019Information, le directeur g\u00e9n\u00e9ral de l\u2019Office National de l\u2019Assainissement (ONA), M. Ahmed Zeidane Ould Mohamed Mahmoud, a soulign\u00e9 que la pose de la premi\u00e8re pierre de ce vaste projet a \u00e9t\u00e9 rendue possible gr\u00e2ce \u00e0 la volont\u00e9 et \u00e0 l\u2019engagement personnel de Son Excellence le Pr\u00e9sident de la R\u00e9publique, M. Mohamed Ould Cheikh El Ghazouani, de mettre en place un r\u00e9seau int\u00e9gr\u00e9 d\u2019assainissement dans la capitale Nouakchott ; il a ajout\u00e9 que la pose de la premi\u00e8re pierre hier est un lancement officiel de l\u2019un des plus importants projets de d\u00e9veloppement dans l\u2019histoire de la R\u00e9publique, le projet global d\u2019assainissement de la ville de Nouakchott, qui devrait, apr\u00e8s sa r\u00e9alisation, provoquer un saut qualitatif dans l\u2019am\u00e9lioration des infrastructures et des services de base dans la capitale, a-t-il ajout\u00e9.<\/p>\n<p>A travers ce projet, l\u2019ONA esp\u00e8re contribuer \u00e0 la r\u00e9solution du probl\u00e8me chronique de l\u2019assainissement dans la ville de Nouakchott, o\u00f9 l\u2019acc\u00e8s aux services d\u2019assainissement dans la capitale, la plus grande ville du pays ne d\u00e9passe pas 03%, un pourcentage tr\u00e8s faible, selon le directeur g\u00e9n\u00e9ral de l\u2019Office, en plus du fait que la ville de Nouakchott a connu depuis sa cr\u00e9ation et jusqu\u2019\u00e0 aujourd\u2019hui, une expansion horizontale et verticale, ce qui a g\u00e9n\u00e9r\u00e9 une augmentation de la demande en eau potable et de l\u2019acc\u00e8s aux services d\u2019assainissement, a -t-il ajout\u00e9.<\/p>\n<p>Il a soulign\u00e9 que le projet d\u2019assainissement de Nouakchott pr\u00e9sente \u00e9galement des avantages sur le plan sanitaire, car il permettra d\u2019\u00e9liminer les mares et les eaux de pluie qui s\u2019accumulaient et provoquaient des maladies infectieuses, car elles seront aspir\u00e9es d\u00e8s qu\u2019il pleut, ce qui r\u00e9duira les risques et la propagation des infections et menacera l\u2019infrastructure.<\/p>\n<p>Le directeur g\u00e9n\u00e9ral de l\u2019Office national de l\u2019assainissement a soulign\u00e9 que la naissance du projet est intervenue apr\u00e8s la r\u00e9alisation de nombreuses \u00e9tudes, le gouvernement a estim\u00e9 que la solution optimale \u00e9tait de cr\u00e9er un r\u00e9seau d\u2019assainissement moderne pour la capitale, car c\u2019est un r\u00eave qui \u00e9tait et qui est toujours le r\u00eave de tous les citoyens mauritaniens en g\u00e9n\u00e9ral, et d\u00e8s que le Pr\u00e9sident de la R\u00e9publique s\u2019est engag\u00e9 dans ce projet de r\u00eave, un appel d\u2019offres international a \u00e9t\u00e9 lanc\u00e9 de mani\u00e8re transparente.<\/p>\n<p>La premi\u00e8re phase de ce projet est pr\u00e9vue pour couvrir l\u2019ensemble des quartiers de Tevragh Zeina, Sebkha et Le Ksar, en plus de certaines parties des quartiers de Mina et de Teyarett, et le reste de Nouakchott en b\u00e9n\u00e9ficiera indirectement, a-t-il not\u00e9, pr\u00e9cisant que ce projet aura beaucoup d\u2019aspects positifs sur la vie des habitants de Nouakchott.<\/p>\n<p>Il a rassur\u00e9 les habitants de la capitale que les premiers travaux du projet ont commenc\u00e9 depuis septembre dernier et seront achev\u00e9s dans un d\u00e9lai de 45 mois, soit le 25 juin 2028, et qu\u2019avec l\u2019ach\u00e8vement des travaux, la capitale sera bien s\u00e9curis\u00e9e contre les risques d\u2019\u00e9coulement et d\u2019inondation des eaux souterraines et m\u00eame des eaux pluviales.<\/p>\n<p>Le directeur g\u00e9n\u00e9ral de l\u2019Office national de l\u2019assainissement a conclu que le financement de cet important projet refl\u00e8te l\u2019int\u00e9r\u00eat des hautes autorit\u00e9s \u00e0 d\u00e9velopper la fa\u00e7ade principale de la ville, \u00e0 am\u00e9liorer son aspect urbain, \u00e0 r\u00e9duire la charge sur la population et \u00e0 suivre les d\u00e9veloppements urbains dans le monde, notant que ce projet comprend deux composantes principales : L\u2019un des avantages de ce projet est que chaque maison de la zone qu\u2019il couvre sera connect\u00e9e au r\u00e9seau, ce qui facilitera le processus de drainage en toute s\u00e9curit\u00e9.<\/p>\n<p>Ami<\/p>\n","protected":false},"excerpt":{"rendered":"<p>Le projet d\u2019assainissement de la ville de Nouakchott, dont la premi\u00e8re pierre a \u00e9t\u00e9 pos\u00e9e lundi soir par S.E. le Pr\u00e9sident de la R\u00e9publique Mohamed Ould Cheikh El Ghazouani, est consid\u00e9r\u00e9 comme l\u2019un des plus importants projets de d\u00e9veloppement dans l\u2019histoire de la Mauritanie. Il s\u2019inscrit dans le cadre des manifestations comm\u00e9morant le 64\u00e8me anniversaire &hellip;<\/p>\n","protected":false},"author":2,"featured_media":12837,"comment_status":"open","ping_status":"open","sticky":false,"template":"","format":"standard","meta":{"footnotes":""},"categories":[18,2],"tags":[],"class_list":["post-12836","post","type-post","status-publish","format-standard","has-post-thumbnail","hentry","category-actualites","category-economie"],"_links":{"self":[{"href":"https:\/\/ladepeche.mr\/index.php?rest_route=\/wp\/v2\/posts\/12836","targetHints":{"allow":["GET"]}}],"collection":[{"href":"https:\/\/ladepeche.mr\/index.php?rest_route=\/wp\/v2\/posts"}],"about":[{"href":"https:\/\/ladepeche.mr\/index.php?rest_route=\/wp\/v2\/types\/post"}],"author":[{"embeddable":true,"href":"https:\/\/ladepeche.mr\/index.php?rest_route=\/wp\/v2\/users\/2"}],"replies":[{"embeddable":true,"href":"https:\/\/ladepeche.mr\/index.php?rest_route=%2Fwp%2Fv2%2Fcomments&post=12836"}],"version-history":[{"count":2,"href":"https:\/\/ladepeche.mr\/index.php?rest_route=\/wp\/v2\/posts\/12836\/revisions"}],"predecessor-version":[{"id":12839,"href":"https:\/\/ladepeche.mr\/index.php?rest_route=\/wp\/v2\/posts\/12836\/revisions\/12839"}],"wp:featuredmedia":[{"embeddable":true,"href":"https:\/\/ladepeche.mr\/index.php?rest_route=\/wp\/v2\/media\/12837"}],"wp:attachment":[{"href":"https:\/\/ladepeche.mr\/index.php?rest_route=%2Fwp%2Fv2%2Fmedia&parent=12836"}],"wp:term":[{"taxonomy":"category","embeddable":true,"href":"https:\/\/ladepeche.mr\/index.php?rest_route=%2Fwp%2Fv2%2Fcategories&post=12836"},{"taxonomy":"post_tag","embeddable":true,"href":"https:\/\/ladepeche.mr\/index.php?rest_route=%2Fwp%2Fv2%2Ftags&post=12836"}],"curies":[{"name":"wp","href":"https:\/\/api.w.org\/{rel}","templated":true}]}}