{"id":12840,"date":"2024-12-18T21:00:52","date_gmt":"2024-12-18T21:00:52","guid":{"rendered":"https:\/\/ladepeche.mr\/?p=12840"},"modified":"2024-12-18T21:00:52","modified_gmt":"2024-12-18T21:00:52","slug":"le-ministre-des-affaires-etrangeres-sentretient-avec-le-vice-ministre-saoudien-des-affaires-etrangeres","status":"publish","type":"post","link":"https:\/\/ladepeche.mr\/?p=12840","title":{"rendered":"Le ministre des Affaires \u00e9trang\u00e8res s\u2019entretient avec le vice-ministre saoudien des Affaires \u00e9trang\u00e8res"},"content":{"rendered":"<p>Le ministre des affaires \u00e9trang\u00e8res, de la Coop\u00e9ration africaine et des Mauritaniens de l\u2019Ext\u00e9rieur, M. Mohamed Salem Ould Merzoug, s\u2019est entretenu mercredi, dans les locaux du minist\u00e8re avec S.E.M. Walid Bin Abdul Karim Al Khuraiji, vice-ministre des Affaires \u00e9trang\u00e8res du Royaume d\u2019Arabie Saoudite.<\/p>\n<p>L\u2019entretien, qui s\u2019est tenu en marge de la troisi\u00e8me r\u00e9union consultative pour la promotion des initiatives de paix au Soudan, a permis d\u2019examiner les diff\u00e9rents aspects de la coop\u00e9ration entre les deux pays fr\u00e8res et les moyens de la renforcer et de la d\u00e9velopper, ainsi que les questions et les d\u00e9veloppements sur les sc\u00e8nes r\u00e9gionale et internationale d\u2019int\u00e9r\u00eat commun.<\/p>\n<p>La rencontre s\u2019est d\u00e9roul\u00e9e en pr\u00e9sence de S.E.M. Hasni El-Faqih, ambassadeur charg\u00e9 de mission et de SEM Ahmed Mohamed Douh, ambassadeur, directeur de la communication et des m\u00e9dias.<\/p>\n<p>Ami<\/p>\n","protected":false},"excerpt":{"rendered":"<p>Le ministre des affaires \u00e9trang\u00e8res, de la Coop\u00e9ration africaine et des Mauritaniens de l\u2019Ext\u00e9rieur, M. Mohamed Salem Ould Merzoug, s\u2019est entretenu mercredi, dans les locaux du minist\u00e8re avec S.E.M. Walid Bin Abdul Karim Al Khuraiji, vice-ministre des Affaires \u00e9trang\u00e8res du Royaume d\u2019Arabie Saoudite. L\u2019entretien, qui s\u2019est tenu en marge de la troisi\u00e8me r\u00e9union consultative pour &hellip;<\/p>\n","protected":false},"author":2,"featured_media":12841,"comment_status":"open","ping_status":"open","sticky":false,"template":"","format":"standard","meta":{"footnotes":""},"categories":[18],"tags":[],"class_list":["post-12840","post","type-post","status-publish","format-standard","has-post-thumbnail","hentry","category-actualites"],"_links":{"self":[{"href":"https:\/\/ladepeche.mr\/index.php?rest_route=\/wp\/v2\/posts\/12840","targetHints":{"allow":["GET"]}}],"collection":[{"href":"https:\/\/ladepeche.mr\/index.php?rest_route=\/wp\/v2\/posts"}],"about":[{"href":"https:\/\/ladepeche.mr\/index.php?rest_route=\/wp\/v2\/types\/post"}],"author":[{"embeddable":true,"href":"https:\/\/ladepeche.mr\/index.php?rest_route=\/wp\/v2\/users\/2"}],"replies":[{"embeddable":true,"href":"https:\/\/ladepeche.mr\/index.php?rest_route=%2Fwp%2Fv2%2Fcomments&post=12840"}],"version-history":[{"count":1,"href":"https:\/\/ladepeche.mr\/index.php?rest_route=\/wp\/v2\/posts\/12840\/revisions"}],"predecessor-version":[{"id":12842,"href":"https:\/\/ladepeche.mr\/index.php?rest_route=\/wp\/v2\/posts\/12840\/revisions\/12842"}],"wp:featuredmedia":[{"embeddable":true,"href":"https:\/\/ladepeche.mr\/index.php?rest_route=\/wp\/v2\/media\/12841"}],"wp:attachment":[{"href":"https:\/\/ladepeche.mr\/index.php?rest_route=%2Fwp%2Fv2%2Fmedia&parent=12840"}],"wp:term":[{"taxonomy":"category","embeddable":true,"href":"https:\/\/ladepeche.mr\/index.php?rest_route=%2Fwp%2Fv2%2Fcategories&post=12840"},{"taxonomy":"post_tag","embeddable":true,"href":"https:\/\/ladepeche.mr\/index.php?rest_route=%2Fwp%2Fv2%2Ftags&post=12840"}],"curies":[{"name":"wp","href":"https:\/\/api.w.org\/{rel}","templated":true}]}}