{"id":12843,"date":"2024-12-18T21:02:26","date_gmt":"2024-12-18T21:02:26","guid":{"rendered":"https:\/\/ladepeche.mr\/?p=12843"},"modified":"2024-12-18T21:02:26","modified_gmt":"2024-12-18T21:02:26","slug":"le-conseil-des-ministres-examine-et-approuve-plusieurs-textes-dont-un-projet-de-loi-portant-code-des-investissements","status":"publish","type":"post","link":"https:\/\/ladepeche.mr\/?p=12843","title":{"rendered":"Le Conseil des ministres examine et approuve plusieurs textes dont un projet de loi portant code des investissements"},"content":{"rendered":"<p>Le Conseil des Ministres s\u2019est r\u00e9uni le Mercredi 18 d\u00e9cembre 2024, sous la Pr\u00e9sidence de Son Excellence Monsieur Mohamed Ould Cheikh El-Ghazouani, Pr\u00e9sident de la R\u00e9publique.<\/p>\n<p>Le Conseil a examin\u00e9 et approuv\u00e9 le projet de loi portant Code des Investissements<\/p>\n<p>Le pr\u00e9sent projet de loi sur la d\u00e9finition et la mise en \u0153uvre d\u2019une nouvelle Politique d\u2019Investissement qui s\u2019articule autour de plusieurs objectifs strat\u00e9giques, visant \u00e0 redynamiser l\u2019effort d\u2019investissement priv\u00e9 et \u00e0 accroitre l\u2019attractivit\u00e9 \u00e9conomique de la Mauritanie. Les modifications apport\u00e9es au Code des Investissements r\u00e9pondent \u00e0 plusieurs objectifs, notamment :<\/p>\n<p>\u2013 La Promotion du Contenu local.<\/p>\n<p>\u2013 Le renforcement des comp\u00e9tences de la main d\u2019\u0153uvre locale.<\/p>\n<p>\u2013 La diversification de l\u2019\u00e9conomie.<\/p>\n<p>\u2013 Le renforcement de la performance des secteurs prioritaires moteurs.<\/p>\n<p>\u2013 La rationalisation du syst\u00e8me incitatif ayant pour objectif d\u2019englober tous les segments d\u2019investissement, le cadre actuel prenant d\u00e9sormais en compte divers secteurs et volumes d\u2019investissement.<\/p>\n<p>\u2013 Le renforcement des capacit\u00e9s d\u2019exportation des investissements.<\/p>\n<p>Le Conseil a \u00e9galement examin\u00e9 et adopt\u00e9 les projets de d\u00e9crets suivants :<\/p>\n<p>\u2010 Projet de d\u00e9cret portant nomination des membres du Conseil d\u2019Administration du Parc National du Banc d\u2019Arguin.<\/p>\n<p>\u2010 Projet de d\u00e9cret fixant les modalit\u00e9s d\u2019acc\u00e8s des ascendants directs au r\u00e9gime d\u2019assurance maladie de base.<\/p>\n<p>Ce projet de d\u00e9cret vise \u00e0 permettre l\u2019int\u00e9gration des ascendants directs de l\u2019assur\u00e9 principal en adoptant une formule optimale garantissant leur acc\u00e8s aux services d\u2019assurance maladie, en les int\u00e9grant en tant qu\u2019ayants droits de l\u2019assur\u00e9 principal.<\/p>\n<p>Il fixe \u00e9galement la contribution mensuelle de l\u2019assur\u00e9 principal ou des assur\u00e9s principaux suivant une approche garantissant l\u2019\u00e9quilibre qui tient compte de la volont\u00e9 des assur\u00e9s principaux, d\u2019une part, et de la mutualisation des risques, d\u2019autre part, sachant qu\u2019il s\u2019agit d\u2019un groupe \u00e0 haut risque relevant d\u2019une cat\u00e9gorie vuln\u00e9rable, consid\u00e9rant l\u2019\u00e2ge avanc\u00e9 des b\u00e9n\u00e9ficiaires et les couts exorbitant de la couverture de leur assurance maladie<\/p>\n<p>\u2010 Projet de d\u00e9cret portant d\u00e9claration d\u2019utilit\u00e9 publique des travaux du projet de renforcement, de s\u00e9curisation et d\u2019approvisionnement en eau potable (AEP) de la ville de Nouakchott \u00e0 partir du champ captant d\u2019Idini.<\/p>\n<p>Ce projet de d\u00e9cret vise \u00e0 donner le caract\u00e8re d\u2019utilit\u00e9 publique aux zones de travaux du projet de s\u00e9curisation et de renforcement de l\u2019approvisionnement en eau potable de la ville de Nouakchott, \u00e0 partir du champ captant d\u2019Idini, et \u00e0 en exproprier la propri\u00e9t\u00e9 dans les d\u00e9lais l\u00e9gaux, conform\u00e9ment aux conditions requises pour l\u2019entr\u00e9e en vigueur du contrat de mise en \u0153uvre du projet.<\/p>\n<p>Par ailleurs, inform\u00e9 des r\u00e9sultats de la visite de travail effectu\u00e9e par Son Excellence Monsieur le Pr\u00e9sident de la R\u00e9publique, dans le cadre des festivit\u00e9s comm\u00e9moratives du 64\u00e8me anniversaire de l\u2019ind\u00e9pendance nationale, dans la wilaya de l\u2019Adrar les 13 et 14 d\u00e9cembre 2024, le Conseil des Ministres adresse ses remerciements et ses vives f\u00e9licitations aux populations de cette wilaya en g\u00e9n\u00e9ral et de la Moughataa de Chinguitty en particulier, pour la grande mobilisation et la chaleur de l\u2019accueil r\u00e9serv\u00e9 \u00e0 Son Excellence Monsieur le Pr\u00e9sident de la R\u00e9publique et aux d\u00e9l\u00e9gations qui l\u2019ont accompagn\u00e9 au cours de cette importante visite, durant laquelle il a supervis\u00e9 le lancement de la 13\u00e8me \u00e9dition du Festival des Cit\u00e9s du Patrimoine et a proc\u00e9d\u00e9 au lancement et \u00e0 l\u2019inauguration de plusieurs projets de d\u00e9veloppement au profit des populations.<\/p>\n<p>Le Ministre de la Justice, Ministre des Affaires \u00c9trang\u00e8res, de la Coop\u00e9ration Africaine et des Mauritaniens de l\u2019Ext\u00e9rieur par int\u00e9rim, a pr\u00e9sent\u00e9 une communication relative \u00e0 la situation internationale.<\/p>\n<p>Le Ministre de l\u2019Int\u00e9rieur, de la Promotion de la D\u00e9centralisation et du D\u00e9veloppement Local a pr\u00e9sent\u00e9 une communication relative \u00e0 la situation int\u00e9rieure.<\/p>\n<p>Le Ministre de l\u2019\u00c9conomie et des Finances a pr\u00e9sent\u00e9 une communication relative \u00e0 la lettre de politique d\u2019investissement.<\/p>\n<p>Cette communication a permis de pr\u00e9senter les principaux axes qui d\u00e9finissent les aspirations du cadre strat\u00e9gique de promotion des investissements, notamment, la valorisation du potentiel des secteurs productifs, le renforcement du contenu local et l\u2019appui aux investisseurs de la diaspora, la diversification de l\u2019\u00e9conomie sur les secteurs porteurs et le soutien \u00e0 l\u2019investissement durable.<\/p>\n<p>La Lettre de Politique d\u2019Investissement stipule de mani\u00e8re claire les engagements du Gouvernement en mati\u00e8re de garanties et de protections pour une meilleure transparence envers l\u2019investisseur.<\/p>\n<p>La Lettre de Politique d\u2019Investissement a \u00e9galement pr\u00e9conis\u00e9 une approche globale, orient\u00e9e vers la transparence, la simplification administrative et l\u2019alignement aux normes et meilleures pratiques internationales qui visent \u00e0 cr\u00e9er un environnement propice aux investissements, favorisant ainsi la croissance inclusive et renfor\u00e7ant la comp\u00e9titivit\u00e9 de notre pays.<\/p>\n<p><u><strong>Enfin, le Conseil a pris les mesures individuelles suivants :<\/strong><\/u><\/p>\n<p>Minist\u00e8re de l\u2019Autonomisation des Jeunes, de l\u2019Emploi, des Sports et du Service Civique<\/p>\n<p>Cabinet du Ministre<\/p>\n<p>Charg\u00e9s des Missions<\/p>\n<p>\u2010 Bouh Imijine, pr\u00e9c\u00e9demment m\u00eame poste<\/p>\n<p>\u2010 Mohamed Khayar, pr\u00e9c\u00e9demment m\u00eame poste<\/p>\n<p>\u2010 Moustapha Mohamed Oumar, pr\u00e9c\u00e9demment m\u00eame poste<\/p>\n<p>\u2010 Ahmed Salem Moctar Salem, pr\u00e9c\u00e9demment m\u00eame poste<\/p>\n<p>\u2010 Diagana Foudy, pr\u00e9c\u00e9demment m\u00eame poste<\/p>\n<p>\u2010 Cheikh Mohamed El Hafedh Vetenne, pr\u00e9c\u00e9demment m\u00eame poste<\/p>\n<p>\u2010 Mohamed Cheikh Lehbib, pr\u00e9c\u00e9demment m\u00eame poste<\/p>\n<p>\u2010 Moustapha Ould Cheikh Mohamed Vedel, pr\u00e9c\u00e9demment m\u00eame poste<\/p>\n<p>Conseillers<\/p>\n<p>\u2013 Conseiller Charg\u00e9 des Questions Juridiques : Chekh Bouye Diallo, titulaire d\u2019un Doctorat en Droits Public.<\/p>\n<p>\u2010 Conseiller Technique Charg\u00e9 des Jeunesses et des Loisirs : Moustapha yembabe, pr\u00e9c\u00e9demment m\u00eame poste<\/p>\n<p>\u2013 Conseiller Technique Charg\u00e9 de Promotion l\u2019Entreprenariat et de la Microfinance : Abdellahi Ould Abed Jelil, pr\u00e9c\u00e9demment m\u00eame poste<\/p>\n<p>\u2013 Conseiller Technique Charg\u00e9 des Sports : Mohamed Souleymane L\u00f4, pr\u00e9c\u00e9demment m\u00eame poste<\/p>\n<p>\u2013 Conseiller Technique Charg\u00e9 du Service Civique : El Ghouth Ould El Ghassem, pr\u00e9c\u00e9demment Conseiller Technique Charg\u00e9 de l\u2019Emploi.<\/p>\n<p>\u2013 Conseill\u00e8re Technique Charg\u00e9e de la Communication : Aichetou Hamoud Lekhal, pr\u00e9c\u00e9demment m\u00eame poste<\/p>\n<p>Inspection Interne<\/p>\n<p>Inspecteur G\u00e9n\u00e9ral : Ebbih Abed El Kader, pr\u00e9c\u00e9demment m\u00eame poste<\/p>\n<p>Administration Centrale<\/p>\n<p>Direction G\u00e9n\u00e9rale de la Jeunesse<\/p>\n<p>\u2010 Directeur G\u00e9n\u00e9ral : Mohamed Ould Sidi Mohamed, pr\u00e9c\u00e9demment m\u00eame poste<\/p>\n<p>Direction G\u00e9n\u00e9rale de l\u2019Emploi<\/p>\n<p>\u2010 Directeur G\u00e9n\u00e9ral : Hammadi El Bakaye, pr\u00e9c\u00e9demment m\u00eame poste<\/p>\n<p>Direction G\u00e9n\u00e9rale des Sports<\/p>\n<p>\u2010 Directeur G\u00e9n\u00e9ral : Abed El Kader Ould Ahmed, pr\u00e9c\u00e9demment m\u00eame poste<\/p>\n<p>Direction du Service Civique<\/p>\n<p>\u2010 Directeur : Ahmed Abedrrahmane, pr\u00e9c\u00e9demment Coordinateur Programme Watanouna de B\u00e9n\u00e9volat<\/p>\n<p>Direction des Etudes, de la Planification et de la Coop\u00e9ration<\/p>\n<p>\u2010 Directrice : Khadijetou Mohamed El Boukhary, pr\u00e9c\u00e9demment m\u00eame poste<\/p>\n<p>Direction des Syst\u00e8mes d\u2019Informations<\/p>\n<p>\u2010 Directeur : Sidi El Moctar Mohamed El Hady, pr\u00e9c\u00e9demment m\u00eame poste<\/p>\n<p>Direction des Affaires Financi\u00e8res<\/p>\n<p>\u2010 Directeur : Baba Abdellah, pr\u00e9c\u00e9demment m\u00eame poste<\/p>\n<p>Direction des Ressources Humaines<\/p>\n<p>\u2010 Directrice : Mariem Mohamed M\u2019bareck, pr\u00e9c\u00e9demment m\u00eame poste.<\/p>\n<p>Ami<\/p>\n","protected":false},"excerpt":{"rendered":"<p>Le Conseil des Ministres s\u2019est r\u00e9uni le Mercredi 18 d\u00e9cembre 2024, sous la Pr\u00e9sidence de Son Excellence Monsieur Mohamed Ould Cheikh El-Ghazouani, Pr\u00e9sident de la R\u00e9publique. Le Conseil a examin\u00e9 et approuv\u00e9 le projet de loi portant Code des Investissements Le pr\u00e9sent projet de loi sur la d\u00e9finition et la mise en \u0153uvre d\u2019une nouvelle &hellip;<\/p>\n","protected":false},"author":2,"featured_media":11724,"comment_status":"open","ping_status":"open","sticky":false,"template":"","format":"standard","meta":{"footnotes":""},"categories":[18,2],"tags":[],"class_list":["post-12843","post","type-post","status-publish","format-standard","has-post-thumbnail","hentry","category-actualites","category-economie"],"_links":{"self":[{"href":"https:\/\/ladepeche.mr\/index.php?rest_route=\/wp\/v2\/posts\/12843","targetHints":{"allow":["GET"]}}],"collection":[{"href":"https:\/\/ladepeche.mr\/index.php?rest_route=\/wp\/v2\/posts"}],"about":[{"href":"https:\/\/ladepeche.mr\/index.php?rest_route=\/wp\/v2\/types\/post"}],"author":[{"embeddable":true,"href":"https:\/\/ladepeche.mr\/index.php?rest_route=\/wp\/v2\/users\/2"}],"replies":[{"embeddable":true,"href":"https:\/\/ladepeche.mr\/index.php?rest_route=%2Fwp%2Fv2%2Fcomments&post=12843"}],"version-history":[{"count":1,"href":"https:\/\/ladepeche.mr\/index.php?rest_route=\/wp\/v2\/posts\/12843\/revisions"}],"predecessor-version":[{"id":12844,"href":"https:\/\/ladepeche.mr\/index.php?rest_route=\/wp\/v2\/posts\/12843\/revisions\/12844"}],"wp:featuredmedia":[{"embeddable":true,"href":"https:\/\/ladepeche.mr\/index.php?rest_route=\/wp\/v2\/media\/11724"}],"wp:attachment":[{"href":"https:\/\/ladepeche.mr\/index.php?rest_route=%2Fwp%2Fv2%2Fmedia&parent=12843"}],"wp:term":[{"taxonomy":"category","embeddable":true,"href":"https:\/\/ladepeche.mr\/index.php?rest_route=%2Fwp%2Fv2%2Fcategories&post=12843"},{"taxonomy":"post_tag","embeddable":true,"href":"https:\/\/ladepeche.mr\/index.php?rest_route=%2Fwp%2Fv2%2Ftags&post=12843"}],"curies":[{"name":"wp","href":"https:\/\/api.w.org\/{rel}","templated":true}]}}