{"id":12848,"date":"2024-12-18T22:30:52","date_gmt":"2024-12-18T22:30:52","guid":{"rendered":"https:\/\/ladepeche.mr\/?p=12848"},"modified":"2024-12-18T21:15:45","modified_gmt":"2024-12-18T21:15:45","slug":"le-president-de-la-mauritanie-se-rend-en-visite-privee-au-maroc","status":"publish","type":"post","link":"https:\/\/ladepeche.mr\/?p=12848","title":{"rendered":"Le Pr\u00e9sident de la Mauritanie se rend en visite priv\u00e9e au Maroc"},"content":{"rendered":"<p>Le Pr\u00e9sident de la Mauritanie, Mohamed Ould Cheikh El-Ghazouani, a quitt\u00e9 Nouakchott, ce mercredi soir, en direction de Rabat dans le cadre d\u2019une visite sp\u00e9ciale, a annonc\u00e9 l\u2019Agence Mauritanienne d\u2019Information (AMI).<\/p>\n","protected":false},"excerpt":{"rendered":"<p>Le Pr\u00e9sident de la Mauritanie, Mohamed Ould Cheikh El-Ghazouani, a quitt\u00e9 Nouakchott, ce mercredi soir, en direction de Rabat dans le cadre d\u2019une visite sp\u00e9ciale, a annonc\u00e9 l\u2019Agence Mauritanienne d\u2019Information (AMI).<\/p>\n","protected":false},"author":2,"featured_media":12810,"comment_status":"open","ping_status":"open","sticky":false,"template":"","format":"standard","meta":{"footnotes":""},"categories":[18],"tags":[],"class_list":["post-12848","post","type-post","status-publish","format-standard","has-post-thumbnail","hentry","category-actualites"],"_links":{"self":[{"href":"https:\/\/ladepeche.mr\/index.php?rest_route=\/wp\/v2\/posts\/12848","targetHints":{"allow":["GET"]}}],"collection":[{"href":"https:\/\/ladepeche.mr\/index.php?rest_route=\/wp\/v2\/posts"}],"about":[{"href":"https:\/\/ladepeche.mr\/index.php?rest_route=\/wp\/v2\/types\/post"}],"author":[{"embeddable":true,"href":"https:\/\/ladepeche.mr\/index.php?rest_route=\/wp\/v2\/users\/2"}],"replies":[{"embeddable":true,"href":"https:\/\/ladepeche.mr\/index.php?rest_route=%2Fwp%2Fv2%2Fcomments&post=12848"}],"version-history":[{"count":1,"href":"https:\/\/ladepeche.mr\/index.php?rest_route=\/wp\/v2\/posts\/12848\/revisions"}],"predecessor-version":[{"id":12849,"href":"https:\/\/ladepeche.mr\/index.php?rest_route=\/wp\/v2\/posts\/12848\/revisions\/12849"}],"wp:featuredmedia":[{"embeddable":true,"href":"https:\/\/ladepeche.mr\/index.php?rest_route=\/wp\/v2\/media\/12810"}],"wp:attachment":[{"href":"https:\/\/ladepeche.mr\/index.php?rest_route=%2Fwp%2Fv2%2Fmedia&parent=12848"}],"wp:term":[{"taxonomy":"category","embeddable":true,"href":"https:\/\/ladepeche.mr\/index.php?rest_route=%2Fwp%2Fv2%2Fcategories&post=12848"},{"taxonomy":"post_tag","embeddable":true,"href":"https:\/\/ladepeche.mr\/index.php?rest_route=%2Fwp%2Fv2%2Ftags&post=12848"}],"curies":[{"name":"wp","href":"https:\/\/api.w.org\/{rel}","templated":true}]}}