{"id":12854,"date":"2024-12-19T19:10:28","date_gmt":"2024-12-19T19:10:28","guid":{"rendered":"https:\/\/ladepeche.mr\/?p=12854"},"modified":"2024-12-19T19:10:28","modified_gmt":"2024-12-19T19:10:28","slug":"le-fmi-debloque-une-tranche-immediate-pour-notre-pays-dun-montant-de-474-millions-de-dollars","status":"publish","type":"post","link":"https:\/\/ladepeche.mr\/?p=12854","title":{"rendered":"Le FMI d\u00e9bloque une tranche imm\u00e9diate pour notre pays d&#8217;un montant de 47,4 millions de dollars"},"content":{"rendered":"<p>Un communiqu\u00e9 publi\u00e9 hier, mercredi, par le Fonds mon\u00e9taire international (FMI) a annonc\u00e9 le d\u00e9blocage d&#8217;une tranche imm\u00e9diate pour notre pays d&#8217;un montant de 36,16 unit\u00e9s de compte, soit environ 47,4 millions de dollars.<\/p>\n<p>Ce d\u00e9blocage intervient apr\u00e8s que le Conseil d&#8217;administration du FMI a conclu les consultations au titre de l&#8217;article IV pour l&#8217;ann\u00e9e 2024 avec la Mauritanie, et a achev\u00e9 la troisi\u00e8me revue des accords conclus avec la Mauritanie dans le cadre de la &#8220;Facilit\u00e9 \u00e9largie de cr\u00e9dit&#8221; et du &#8220;M\u00e9canisme \u00e9largi de cr\u00e9dit&#8221;, ainsi que la deuxi\u00e8me revue dans le cadre de l&#8217;accord sur le &#8220;M\u00e9canisme de r\u00e9silience et de durabilit\u00e9&#8221;.<\/p>\n<p>Le communiqu\u00e9 a indiqu\u00e9 que l&#8217;\u00e9conomie mauritanienne a r\u00e9ussi \u00e0 maintenir sa r\u00e9silience, bien qu&#8217;un ralentissement de la croissance \u00e9conomique \u00e0 4,6 % soit attendu en 2024.<\/p>\n<p>La croissance devrait rester favorable \u00e0 moyen terme, soutenue par des mesures visant \u00e0 promouvoir une croissance inclusive port\u00e9e par le secteur priv\u00e9, \u00e0 travers une meilleure mobilisation des recettes, un renforcement de la surveillance bancaire, et l&#8217;appui \u00e0 la mise en \u0153uvre du plan d&#8217;action gouvernemental pour renforcer la gouvernance.<\/p>\n<p>M. Kenji Okamura, directeur g\u00e9n\u00e9ral adjoint et pr\u00e9sident par int\u00e9rim du Conseil, a d\u00e9clar\u00e9 \u00e0 l&#8217;issue des travaux du Conseil :<br \/>\n&#8220;Gr\u00e2ce \u00e0 des politiques solides, l&#8217;\u00e9conomie mauritanienne a poursuivi sa croissance en 2024, l&#8217;inflation est rest\u00e9e ma\u00eetris\u00e9e, et les performances des finances publiques sont en ligne avec l&#8217;objectif de r\u00e9duction de la dette ext\u00e9rieure \u00e0 moyen terme. Les politiques mon\u00e9taires et budg\u00e9taires prudentes ont soutenu les solides performances du programme. Les autorit\u00e9s se sont concentr\u00e9es sur le renforcement des cadres politiques, la r\u00e9silience de l&#8217;\u00e9conomie, l&#8217;acc\u00e9l\u00e9ration d&#8217;une croissance inclusive et l&#8217;att\u00e9nuation des d\u00e9fis li\u00e9s au changement climatique.&#8221;<\/p>\n<p>Les administrateurs du FMI ont salu\u00e9 l&#8217;engagement des autorit\u00e9s mauritaniennes ainsi que les solides performances du programme, soutenues par des politiques mon\u00e9taires et budg\u00e9taires prudentes. Ils ont soulign\u00e9 que, bien que les perspectives soient positives, elles restent expos\u00e9es \u00e0 des risques importants, notamment les risques s\u00e9curitaires dans la r\u00e9gion du Sahel et les chocs climatiques.<\/p>\n<p>Dans ce contexte, les administrateurs ont insist\u00e9 sur la n\u00e9cessit\u00e9 de maintenir l&#8217;engagement \u00e0 pr\u00e9server la stabilit\u00e9 macro\u00e9conomique, \u00e0 renforcer les cadres politiques, et \u00e0 poursuivre les r\u00e9formes visant \u00e0 promouvoir une croissance durable et inclusive.<\/p>\n<p>MEF<\/p>\n","protected":false},"excerpt":{"rendered":"<p>Un communiqu\u00e9 publi\u00e9 hier, mercredi, par le Fonds mon\u00e9taire international (FMI) a annonc\u00e9 le d\u00e9blocage d&#8217;une tranche imm\u00e9diate pour notre pays d&#8217;un montant de 36,16 unit\u00e9s de compte, soit environ 47,4 millions de dollars. Ce d\u00e9blocage intervient apr\u00e8s que le Conseil d&#8217;administration du FMI a conclu les consultations au titre de l&#8217;article IV pour l&#8217;ann\u00e9e &hellip;<\/p>\n","protected":false},"author":2,"featured_media":3900,"comment_status":"open","ping_status":"open","sticky":false,"template":"","format":"standard","meta":{"footnotes":""},"categories":[18,2],"tags":[],"class_list":["post-12854","post","type-post","status-publish","format-standard","has-post-thumbnail","hentry","category-actualites","category-economie"],"_links":{"self":[{"href":"https:\/\/ladepeche.mr\/index.php?rest_route=\/wp\/v2\/posts\/12854","targetHints":{"allow":["GET"]}}],"collection":[{"href":"https:\/\/ladepeche.mr\/index.php?rest_route=\/wp\/v2\/posts"}],"about":[{"href":"https:\/\/ladepeche.mr\/index.php?rest_route=\/wp\/v2\/types\/post"}],"author":[{"embeddable":true,"href":"https:\/\/ladepeche.mr\/index.php?rest_route=\/wp\/v2\/users\/2"}],"replies":[{"embeddable":true,"href":"https:\/\/ladepeche.mr\/index.php?rest_route=%2Fwp%2Fv2%2Fcomments&post=12854"}],"version-history":[{"count":1,"href":"https:\/\/ladepeche.mr\/index.php?rest_route=\/wp\/v2\/posts\/12854\/revisions"}],"predecessor-version":[{"id":12855,"href":"https:\/\/ladepeche.mr\/index.php?rest_route=\/wp\/v2\/posts\/12854\/revisions\/12855"}],"wp:featuredmedia":[{"embeddable":true,"href":"https:\/\/ladepeche.mr\/index.php?rest_route=\/wp\/v2\/media\/3900"}],"wp:attachment":[{"href":"https:\/\/ladepeche.mr\/index.php?rest_route=%2Fwp%2Fv2%2Fmedia&parent=12854"}],"wp:term":[{"taxonomy":"category","embeddable":true,"href":"https:\/\/ladepeche.mr\/index.php?rest_route=%2Fwp%2Fv2%2Fcategories&post=12854"},{"taxonomy":"post_tag","embeddable":true,"href":"https:\/\/ladepeche.mr\/index.php?rest_route=%2Fwp%2Fv2%2Ftags&post=12854"}],"curies":[{"name":"wp","href":"https:\/\/api.w.org\/{rel}","templated":true}]}}