{"id":12900,"date":"2024-12-20T21:25:43","date_gmt":"2024-12-20T21:25:43","guid":{"rendered":"https:\/\/ladepeche.mr\/?p=12900"},"modified":"2024-12-20T21:25:43","modified_gmt":"2024-12-20T21:25:43","slug":"communique","status":"publish","type":"post","link":"https:\/\/ladepeche.mr\/?p=12900","title":{"rendered":"Communiqu\u00e9"},"content":{"rendered":"<p>&#8220;De nombreux citoyens et citoyennes, de toutes les r\u00e9gions de notre cher pays, ont exprim\u00e9 leur sympathie \u00e0 la Premi\u00e8re Dame, Dr. Mariem Fadel Dah, dont ils ont suivi avec pr\u00e9occupation l\u2019\u00e9tat de sant\u00e9 tout en priant pour son prompt r\u00e9tablissement.<br \/>\nNous adressons nos vifs et sinc\u00e8res remerciements ainsi que notre profonde gratitude \u00e0 tous ceux qui ont manifest\u00e9 leur soutien et formul\u00e9 des v\u0153ux de gu\u00e9rison pour Madame la Premi\u00e8re Dame. Toutes ces pri\u00e8res bienveillantes et ces sentiments sinc\u00e8res lui sont all\u00e9s droit au c\u0153ur, l\u2019ont marqu\u00e9 positivement et, lui ont \u00e9t\u00e9 d\u2019un apport moral de soulagement consid\u00e9rable.<\/p>\n<p>La Premi\u00e8re Dame, en saluant cet \u00e9lan populaire spontan\u00e9, saisit cette occasion pour exprimer sa profonde gratitude et ses vifs remerciements \u00e0 tous ceux qui lui ont pr\u00e9sent\u00e9 leurs v\u0153ux ou l\u2019ont soutenue durant cette circonstance de sant\u00e9 d\u00e9licate. Dr. Mariem Fadel Dah, tient \u00e0 rassurer tous les citoyens et toutes les citoyennes que son \u00e9tat de sant\u00e9 s\u2019am\u00e9liore davantage, par la gr\u00e2ce d\u2019Allah et, suite \u00e0 vos pri\u00e8res exauc\u00e9es.<\/p>\n<p>Vos nobles sentiments et vos paroles r\u00e9confortantes ont \u00e9t\u00e9 une source de force pour la Premi\u00e8re Dame qui, remercie Allah, de nous avoir offert ces instants pour exprimer amour et solidarit\u00e9. Elle assure \u00e0 tous qu\u2019elle est en voie de gu\u00e9rison compl\u00e8te et, prie le Tout-Puissant de vous accorder durablement, \u00e0 tous, sant\u00e9 et bien-\u00eatre&#8221;.<\/p>\n<p>Bureau de Communication de la Pr\u00e9sidence de la R\u00e9publique<\/p>\n","protected":false},"excerpt":{"rendered":"<p>&#8220;De nombreux citoyens et citoyennes, de toutes les r\u00e9gions de notre cher pays, ont exprim\u00e9 leur sympathie \u00e0 la Premi\u00e8re Dame, Dr. Mariem Fadel Dah, dont ils ont suivi avec pr\u00e9occupation l\u2019\u00e9tat de sant\u00e9 tout en priant pour son prompt r\u00e9tablissement. Nous adressons nos vifs et sinc\u00e8res remerciements ainsi que notre profonde gratitude \u00e0 tous &hellip;<\/p>\n","protected":false},"author":2,"featured_media":12883,"comment_status":"open","ping_status":"open","sticky":false,"template":"","format":"standard","meta":{"footnotes":""},"categories":[18],"tags":[],"class_list":["post-12900","post","type-post","status-publish","format-standard","has-post-thumbnail","hentry","category-actualites"],"_links":{"self":[{"href":"https:\/\/ladepeche.mr\/index.php?rest_route=\/wp\/v2\/posts\/12900","targetHints":{"allow":["GET"]}}],"collection":[{"href":"https:\/\/ladepeche.mr\/index.php?rest_route=\/wp\/v2\/posts"}],"about":[{"href":"https:\/\/ladepeche.mr\/index.php?rest_route=\/wp\/v2\/types\/post"}],"author":[{"embeddable":true,"href":"https:\/\/ladepeche.mr\/index.php?rest_route=\/wp\/v2\/users\/2"}],"replies":[{"embeddable":true,"href":"https:\/\/ladepeche.mr\/index.php?rest_route=%2Fwp%2Fv2%2Fcomments&post=12900"}],"version-history":[{"count":1,"href":"https:\/\/ladepeche.mr\/index.php?rest_route=\/wp\/v2\/posts\/12900\/revisions"}],"predecessor-version":[{"id":12901,"href":"https:\/\/ladepeche.mr\/index.php?rest_route=\/wp\/v2\/posts\/12900\/revisions\/12901"}],"wp:featuredmedia":[{"embeddable":true,"href":"https:\/\/ladepeche.mr\/index.php?rest_route=\/wp\/v2\/media\/12883"}],"wp:attachment":[{"href":"https:\/\/ladepeche.mr\/index.php?rest_route=%2Fwp%2Fv2%2Fmedia&parent=12900"}],"wp:term":[{"taxonomy":"category","embeddable":true,"href":"https:\/\/ladepeche.mr\/index.php?rest_route=%2Fwp%2Fv2%2Fcategories&post=12900"},{"taxonomy":"post_tag","embeddable":true,"href":"https:\/\/ladepeche.mr\/index.php?rest_route=%2Fwp%2Fv2%2Ftags&post=12900"}],"curies":[{"name":"wp","href":"https:\/\/api.w.org\/{rel}","templated":true}]}}