{"id":12907,"date":"2024-12-21T12:59:14","date_gmt":"2024-12-21T12:59:14","guid":{"rendered":"https:\/\/ladepeche.mr\/?p=12907"},"modified":"2024-12-21T13:01:27","modified_gmt":"2024-12-21T13:01:27","slug":"france-francois-bayrou-un-premier-ministre-dans-la-tourmente","status":"publish","type":"post","link":"https:\/\/ladepeche.mr\/?p=12907","title":{"rendered":"France: Fran\u00e7ois Bayrou, un Premier ministre dans la tourmente"},"content":{"rendered":"<figure class=\"figure-heading-post\">\n<div class=\"post-thumbnail featured-img\" style=\"text-align: left;\"><\/div>\n<\/figure>\n<div class=\"article-content\">\n<div class=\"article-content\">\n<p><strong>Avant m\u00eame d\u2019avoir pu constituer son gouvernement, le nouveau Premier ministre Fran\u00e7ois Bayrou est en train de vivre une tourmente in\u00e9dite. La cause : sa pr\u00e9f\u00e9rence d\u2019aller, en tant que maire de la petite ville de Pau, participer au conseil municipal de la ville au lieu d\u2019\u00eatre \u00e0 Paris aux c\u00f4t\u00e9s du pr\u00e9sident Emmanuel Macron, en train d\u2019animer une r\u00e9union de crise sur la catastrophe qui a frapp\u00e9 Mayotte, un d\u00e9partement fran\u00e7ais d\u2019outre-mer.<\/strong><\/p>\n<p>\u00c0 voir les r\u00e9actions des personnalit\u00e9s suppos\u00e9es \u00eatre des alli\u00e9s politiques de Fran\u00e7ois Bayrou, le parfum de cohabitation qu\u2019annonce sa venue \u00e0 Matignon se confirme. Chacun \u00e0 sa mani\u00e8re avait soulign\u00e9 avec plus ou moins d\u2019emphase cette grande bourde politique de Fran\u00e7ois Bayrou. Alors que les oppositions avaient insist\u00e9 sur le fait que la place d\u2019un Premier ministre est d\u2019\u00eatre sur le terrain de la catastrophe en train d\u2019organiser la solidarit\u00e9 nationale, c\u2019est le moment choisi par Emmanuel Macron pour annoncer son d\u00e9placement \u00e0 Mayotte.<\/p>\n<div id=\"div-gpt-ad-1608049251753-0\" data-google-query-id=\"CN2i-a70uIoDFUpdpAQdKIE9rw\">\n<div id=\"google_ads_iframe_\/153418548\/pave_article_mobile_hespress_fr_0__container__\"><\/div>\n<\/div>\n<p>En plus de la gestion de cette difficile s\u00e9quence de communication, Fran\u00e7ois Bayrou continue ses consultations pour former son gouvernement. Et une course contre la montre est lanc\u00e9e. Le gouvernement verra-t-il le jour avant No\u00ebl ? Ce qui laisse tr\u00e8s peu de temps \u00e0 Fran\u00e7ois Bayrou pour former son casting. Si ce n\u2019est pas le cas, l\u2019annonce sera report\u00e9e au d\u00e9but de l\u2019ann\u00e9e prochaine. Un retard qui ne laissera pas une bonne impression alors que la France vit un vide politique et affronte de nombreux d\u00e9fis internes et externes.<\/p>\n<p>Dans la bourse des pronostics pour les futurs ministres, il existe de nombreuses incertitudes. Il y a la liste des ministres assur\u00e9s de rester, comme l\u2019actuel ministre de l\u2019Int\u00e9rieur Bruno Retailleau, celui de la D\u00e9fense, ministre des Arm\u00e9es, S\u00e9bastien Lecornu, un proche d\u2019Emmanuel Macron, si proche qu\u2019il avait pens\u00e9 le nommer au poste de Premier ministre avant que Fran\u00e7ois Bayrou ne lui force la main. Une autre ministre est assur\u00e9e de rester au moins \u00e0 son poste, sinon dans le casting gouvernemental : c\u2019est Rachida Dati.<\/p>\n<p>Elle a r\u00e9ussi l\u2019exploit d\u2019entretenir d\u2019excellents rapports avec le pr\u00e9sident Emmanuel Macron, qui l\u2019avait d\u00e9bauch\u00e9e de chez les R\u00e9publicains, avec l\u2019ancien pr\u00e9sident Nicolas Sarkozy, \u00e0 qui on pr\u00eate encore une certaine influence sur une grande partie des R\u00e9publicains. Rachida Dati entretient aussi de tr\u00e8s bonnes relations avec Fran\u00e7ois Bayrou. M\u00eame lors de la travers\u00e9e du d\u00e9sert de ce dernier, Dati n\u2019avait jamais tari d\u2019\u00e9loges sur sa personnalit\u00e9 et ses capacit\u00e9s d\u2019homme d\u2019\u00c9tat amen\u00e9 un jour \u00e0 jouer les premiers r\u00f4les. Entre Bayrou et Dati, il y a une certaine alchimie qui fonctionne.<\/p>\n<p>Pour les noms qui risquent de rentrer au gouvernement, les rumeurs s\u2019affolent. Il est question du retour de G\u00e9rald Darmanin au gouvernement, au poste de ministre des Affaires \u00e9trang\u00e8res \u00e0 la place de Jean-No\u00ebl Barrot. Les noms de deux anciens socialistes circulent s\u00e9rieusement : celui de Pierre Moscovici et de Fran\u00e7ois Rebsamen. Fran\u00e7ois Bayrou cherche \u00e0 s\u00e9duire la gauche en enr\u00f4lant des personnalit\u00e9s appartenant \u00e0 sa galaxie. Aussi bien la France Insoumise que le Parti Socialiste ont jusqu\u2019\u00e0 pr\u00e9sent refus\u00e9 de participer \u00e0 son gouvernement.<\/p>\n<p>Mais il y a un autre nom qui circule et qui pourrait faire d\u00e9bat et pol\u00e9mique. C\u2019est celui de Xavier Bertrand, ancien ministre de la Sant\u00e9, pr\u00e9sident du conseil r\u00e9gional des Hauts-de-France. Cet homme n\u2019est pas une personnalit\u00e9 r\u00e9publicaine comme les autres. C\u2019est un adversaire acharn\u00e9 du Rassemblement National. Marine Le Pen avait fait de son entr\u00e9e au gouvernement de Michel Barnier une ligne rouge, voire une d\u00e9claration de guerre. Comment donc Fran\u00e7ois Bayrou, qui conna\u00eet l\u2019aversion qu\u2019a le Rassemblement National \u00e0 l\u2019\u00e9gard de Xavier Bertrand, pourrait-il envisager de le nommer ministre dans son gouvernement, si ce n\u2019est un pacte de non-bellig\u00e9rance sign\u00e9 avec Marine Le Pen et Jordan Bardella ?<\/p>\n<p>Fran\u00e7ois Bayrou esp\u00e8re faire de son casting gouvernemental une marque de fabrique. S\u2019il r\u00e9ussit, il est garanti de durer. S\u2019il le rate, la fonction \u00e9jectable sera actionn\u00e9e avec toutes les cons\u00e9quences possibles et imaginables sur l\u2019ensemble de la gouvernance d\u2019Emmanuel Macron.<\/p>\n<p>https:\/\/fr.hespress.com\/402512-france-francois-bayrou-un-premier-ministre-dans-la-tourmente.html<\/p>\n<\/div>\n<\/div>\n","protected":false},"excerpt":{"rendered":"<p>Avant m\u00eame d\u2019avoir pu constituer son gouvernement, le nouveau Premier ministre Fran\u00e7ois Bayrou est en train de vivre une tourmente in\u00e9dite. La cause : sa pr\u00e9f\u00e9rence d\u2019aller, en tant que maire de la petite ville de Pau, participer au conseil municipal de la ville au lieu d\u2019\u00eatre \u00e0 Paris aux c\u00f4t\u00e9s du pr\u00e9sident Emmanuel Macron, &hellip;<\/p>\n","protected":false},"author":2,"featured_media":12908,"comment_status":"open","ping_status":"open","sticky":false,"template":"","format":"standard","meta":{"footnotes":""},"categories":[18,29],"tags":[],"class_list":["post-12907","post","type-post","status-publish","format-standard","has-post-thumbnail","hentry","category-actualites","category-monde"],"_links":{"self":[{"href":"https:\/\/ladepeche.mr\/index.php?rest_route=\/wp\/v2\/posts\/12907","targetHints":{"allow":["GET"]}}],"collection":[{"href":"https:\/\/ladepeche.mr\/index.php?rest_route=\/wp\/v2\/posts"}],"about":[{"href":"https:\/\/ladepeche.mr\/index.php?rest_route=\/wp\/v2\/types\/post"}],"author":[{"embeddable":true,"href":"https:\/\/ladepeche.mr\/index.php?rest_route=\/wp\/v2\/users\/2"}],"replies":[{"embeddable":true,"href":"https:\/\/ladepeche.mr\/index.php?rest_route=%2Fwp%2Fv2%2Fcomments&post=12907"}],"version-history":[{"count":4,"href":"https:\/\/ladepeche.mr\/index.php?rest_route=\/wp\/v2\/posts\/12907\/revisions"}],"predecessor-version":[{"id":12912,"href":"https:\/\/ladepeche.mr\/index.php?rest_route=\/wp\/v2\/posts\/12907\/revisions\/12912"}],"wp:featuredmedia":[{"embeddable":true,"href":"https:\/\/ladepeche.mr\/index.php?rest_route=\/wp\/v2\/media\/12908"}],"wp:attachment":[{"href":"https:\/\/ladepeche.mr\/index.php?rest_route=%2Fwp%2Fv2%2Fmedia&parent=12907"}],"wp:term":[{"taxonomy":"category","embeddable":true,"href":"https:\/\/ladepeche.mr\/index.php?rest_route=%2Fwp%2Fv2%2Fcategories&post=12907"},{"taxonomy":"post_tag","embeddable":true,"href":"https:\/\/ladepeche.mr\/index.php?rest_route=%2Fwp%2Fv2%2Ftags&post=12907"}],"curies":[{"name":"wp","href":"https:\/\/api.w.org\/{rel}","templated":true}]}}