{"id":12929,"date":"2024-12-23T08:30:54","date_gmt":"2024-12-23T08:30:54","guid":{"rendered":"https:\/\/ladepeche.mr\/?p=12929"},"modified":"2024-12-22T20:34:24","modified_gmt":"2024-12-22T20:34:24","slug":"quatre-pecheurs-senegalais-portes-disparus-a-nouadhibou","status":"publish","type":"post","link":"https:\/\/ladepeche.mr\/?p=12929","title":{"rendered":"QUATRE P\u00caCHEURS S\u00c9N\u00c9GALAIS PORT\u00c9S DISPARUS \u00c0 NOUADHIBOU"},"content":{"rendered":"<h3>Une pirogue partie de Saint-Louis aurait pris feu au large de la Mauritanie. Apr\u00e8s plusieurs jours de recherches infructueuses, les familles, accabl\u00e9es de douleur, ont organis\u00e9 les fun\u00e9railles des disparus.<\/h3>\n<p>Une pirogue partie de Saint-Louis aurait pris feu au large de Nouadhibou, en Mauritanie, causant la mort de quatre p\u00eacheurs s\u00e9n\u00e9galais. Apr\u00e8s plusieurs jours de recherches infructueuses, les familles, accabl\u00e9es de douleur, ont organis\u00e9 les fun\u00e9railles des disparus<\/p>\n<p>\u00ab Dans la pirogue, il y avait mes deux neveux. Leur m\u00e8re et moi sommes du m\u00eame p\u00e8re et de la m\u00eame m\u00e8re. Ils devaient faire un voyage de quatre \u00e0 cinq jours, mais finalement, nous sommes rest\u00e9s dix \u00e0 onze jours sans nouvelles \u00bb, a t\u00e9moign\u00e9 Adama Diaw, au micro du correspondant de la radio RFM \u00e0 Saint-Louis.<\/p>\n<p>Les familles, qui \u00e9taient sans nouvelles des p\u00eacheurs depuis plusieurs jours, ont tout tent\u00e9 pour retrouver leurs proches. Cependant, face \u00e0 l\u2019absence de r\u00e9sultats et sous l\u2019effet d\u2019une douleur insupportable, elles ont d\u00fb se r\u00e9soudre \u00e0 organiser des fun\u00e9railles en leur honneur.<\/p>\n<p>Cette trag\u00e9die relance le d\u00e9bat sur les conditions p\u00e9rilleuses auxquelles sont confront\u00e9s les p\u00eacheurs s\u00e9n\u00e9galais, souvent contraints de s\u2019aventurer loin des c\u00f4tes \u00e0 la recherche de poissons, au risque de leur vie. Le drame met \u00e9galement en lumi\u00e8re la n\u00e9cessit\u00e9 d\u2019un renforcement des dispositifs de s\u00e9curit\u00e9 maritime pour pr\u00e9venir de telles pertes humaines.<\/p>\n<p>https:\/\/www.seneplus.com\/societe\/quatre-pecheurs-senegalais-portes-disparus-nouadhibou<\/p>\n<div id=\"article-byline-wrapper\"><\/div>\n","protected":false},"excerpt":{"rendered":"<p>Une pirogue partie de Saint-Louis aurait pris feu au large de la Mauritanie. Apr\u00e8s plusieurs jours de recherches infructueuses, les familles, accabl\u00e9es de douleur, ont organis\u00e9 les fun\u00e9railles des disparus. Une pirogue partie de Saint-Louis aurait pris feu au large de Nouadhibou, en Mauritanie, causant la mort de quatre p\u00eacheurs s\u00e9n\u00e9galais. Apr\u00e8s plusieurs jours de &hellip;<\/p>\n","protected":false},"author":2,"featured_media":12930,"comment_status":"open","ping_status":"open","sticky":false,"template":"","format":"standard","meta":{"footnotes":""},"categories":[18],"tags":[],"class_list":["post-12929","post","type-post","status-publish","format-standard","has-post-thumbnail","hentry","category-actualites"],"_links":{"self":[{"href":"https:\/\/ladepeche.mr\/index.php?rest_route=\/wp\/v2\/posts\/12929","targetHints":{"allow":["GET"]}}],"collection":[{"href":"https:\/\/ladepeche.mr\/index.php?rest_route=\/wp\/v2\/posts"}],"about":[{"href":"https:\/\/ladepeche.mr\/index.php?rest_route=\/wp\/v2\/types\/post"}],"author":[{"embeddable":true,"href":"https:\/\/ladepeche.mr\/index.php?rest_route=\/wp\/v2\/users\/2"}],"replies":[{"embeddable":true,"href":"https:\/\/ladepeche.mr\/index.php?rest_route=%2Fwp%2Fv2%2Fcomments&post=12929"}],"version-history":[{"count":1,"href":"https:\/\/ladepeche.mr\/index.php?rest_route=\/wp\/v2\/posts\/12929\/revisions"}],"predecessor-version":[{"id":12931,"href":"https:\/\/ladepeche.mr\/index.php?rest_route=\/wp\/v2\/posts\/12929\/revisions\/12931"}],"wp:featuredmedia":[{"embeddable":true,"href":"https:\/\/ladepeche.mr\/index.php?rest_route=\/wp\/v2\/media\/12930"}],"wp:attachment":[{"href":"https:\/\/ladepeche.mr\/index.php?rest_route=%2Fwp%2Fv2%2Fmedia&parent=12929"}],"wp:term":[{"taxonomy":"category","embeddable":true,"href":"https:\/\/ladepeche.mr\/index.php?rest_route=%2Fwp%2Fv2%2Fcategories&post=12929"},{"taxonomy":"post_tag","embeddable":true,"href":"https:\/\/ladepeche.mr\/index.php?rest_route=%2Fwp%2Fv2%2Ftags&post=12929"}],"curies":[{"name":"wp","href":"https:\/\/api.w.org\/{rel}","templated":true}]}}